{"id":51479,"date":"2024-03-05T12:36:56","date_gmt":"2024-03-05T18:36:56","guid":{"rendered":"https:\/\/encuentroinformativo.com.mx\/?p=51479"},"modified":"2024-03-05T14:28:28","modified_gmt":"2024-03-05T20:28:28","slug":"el-8m-no-solo-es-salir-a-caminar-es-crecer-y-capacitarnos-kary-guzman","status":"publish","type":"post","link":"https:\/\/encuentroinformativo.com.mx\/?p=51479","title":{"rendered":"El 8M no solo es salir a caminar, es crecer y capacitarnos: Kary Guzm\u00e1n"},"content":{"rendered":"\n<p><strong>Alejandro \u00c1vila<\/strong><\/p>\n\n\n\n<p>Veracruz, Ver.- La marcha de mujeres el d\u00eda 8 de marzo no solo es para caminar por las calles de las ciudades, sino para que todos tomen conciencia de lo importancia del valor de las mujeres que buscan crecer y capacitarse, mencion\u00f3 en rueda de prensa, Kary Guzm\u00e1n, aspirante a la diputaci\u00f3n federal por Movimiento Ciudadano.<\/p>\n\n\n\n<p>&#8220;Tenemos que trabajar como mujeres, hoy en d\u00eda estamos pr\u00f3ximas al 8M que es un tema a nivel internacional, creo que una de las causas no es solo salir y caminar, creo que el tema de la mujer es desde casa, es desde nuestro valor, desde la forma en que nosotros tambi\u00e9n intentamos crecer y capacitarnos como personas, y yo s\u00e9 que en un futuro con Movimiento Ciudadano haremos mejores estrategias para que esto suceda&#8221;, se\u00f1al\u00f3.<\/p>\n\n\n\n<p>La aspirante a una curul federal asegur\u00f3 que el presunto &#8220;mundo color de rosa&#8221; donde se presume viven las mujeres no existe; prueba de ello es la lamentable situaci\u00f3n que se vive en el pa\u00eds, donde aproximadamente desaparecen seis mujeres al d\u00eda seg\u00fan las estad\u00edsticas.<\/p>\n\n\n\n<p>&#8220;S\u00ed es un hecho de que nosotros desde nuestra trinchera podemos contribuir a que se promuevan leyes a favor de la seguridad de la mujer, lo vamos a hacer. Es una de las iniciativas que estamos buscando, que la mujer se sienta segura fuera y dentro de su casa, fuera y dentro de su trabajo, ya sea que vaya al gimnasio, ya sea que vaya al parque con sus hijos, en donde quiera que se encuentre tenga la seguridad de que por ser mujer tiene derecho a ser respetada, tiene derecho ser escuchada, tiene derecho a ser respetada y no ser violentada en cada esquina donde se mueva&#8221;, asest\u00f3.<\/p>\n\n\n\n<p>Finalmente, la fundadora del programa &#8220;Construyete Mujer&#8221;, mencion\u00f3 que desde hace varios meses y a trav\u00e9s del gremio de mujeres empresarias del que es parte, ha concretado varios cursos y talleres para el empoderamiento de las mujeres, y continuar\u00e1 realiz\u00e1ndolo en fechas posteriores.<\/p>\n","protected":false},"excerpt":{"rendered":"<p>Alejandro \u00c1vila Veracruz, Ver.- La marcha de mujeres el d\u00eda 8 de marzo no solo es para caminar por las calles de las ciudades, sino para que todos tomen conciencia de lo importancia del valor de las mujeres que buscan crecer y capacitarse, mencion\u00f3 en rueda de prensa, Kary Guzm\u00e1n, aspirante a la diputaci\u00f3n federal [&hellip;]<\/p>\n","protected":false},"author":2476,"featured_media":51480,"comment_status":"open","ping_status":"open","sticky":false,"template":"","format":"standard","meta":{"_jetpack_memberships_contains_paid_content":false,"footnotes":""},"categories":[2],"tags":[],"class_list":["post-51479","post","type-post","status-publish","format-standard","has-post-thumbnail","hentry","category-estado"],"jetpack_featured_media_url":"https:\/\/encuentroinformativo.com.mx\/wp-content\/uploads\/2024\/03\/IMG-20240305-WA0064.jpg","jetpack_sharing_enabled":true,"jetpack_likes_enabled":true,"amp_enabled":true,"_links":{"self":[{"href":"https:\/\/encuentroinformativo.com.mx\/index.php?rest_route=\/wp\/v2\/posts\/51479","targetHints":{"allow":["GET"]}}],"collection":[{"href":"https:\/\/encuentroinformativo.com.mx\/index.php?rest_route=\/wp\/v2\/posts"}],"about":[{"href":"https:\/\/encuentroinformativo.com.mx\/index.php?rest_route=\/wp\/v2\/types\/post"}],"author":[{"embeddable":true,"href":"https:\/\/encuentroinformativo.com.mx\/index.php?rest_route=\/wp\/v2\/users\/2476"}],"replies":[{"embeddable":true,"href":"https:\/\/encuentroinformativo.com.mx\/index.php?rest_route=%2Fwp%2Fv2%2Fcomments&post=51479"}],"version-history":[{"count":2,"href":"https:\/\/encuentroinformativo.com.mx\/index.php?rest_route=\/wp\/v2\/posts\/51479\/revisions"}],"predecessor-version":[{"id":51488,"href":"https:\/\/encuentroinformativo.com.mx\/index.php?rest_route=\/wp\/v2\/posts\/51479\/revisions\/51488"}],"wp:featuredmedia":[{"embeddable":true,"href":"https:\/\/encuentroinformativo.com.mx\/index.php?rest_route=\/wp\/v2\/media\/51480"}],"wp:attachment":[{"href":"https:\/\/encuentroinformativo.com.mx\/index.php?rest_route=%2Fwp%2Fv2%2Fmedia&parent=51479"}],"wp:term":[{"taxonomy":"category","embeddable":true,"href":"https:\/\/encuentroinformativo.com.mx\/index.php?rest_route=%2Fwp%2Fv2%2Fcategories&post=51479"},{"taxonomy":"post_tag","embeddable":true,"href":"https:\/\/encuentroinformativo.com.mx\/index.php?rest_route=%2Fwp%2Fv2%2Ftags&post=51479"}],"curies":[{"name":"wp","href":"https:\/\/api.w.org\/{rel}","templated":true}]}}