{"id":51482,"date":"2024-03-05T13:24:16","date_gmt":"2024-03-05T19:24:16","guid":{"rendered":"https:\/\/encuentroinformativo.com.mx\/?p=51482"},"modified":"2024-03-05T13:24:21","modified_gmt":"2024-03-05T19:24:21","slug":"insisten-colonos-piden-regularizar-predios-en-el-moral","status":"publish","type":"post","link":"https:\/\/encuentroinformativo.com.mx\/?p=51482","title":{"rendered":"Insisten colonos, piden regularizar predios en El Moral"},"content":{"rendered":"\n<p><strong>Dar\u00edo Pale <\/strong><\/p>\n\n\n\n<p>Xalapa, Ver.- Bertha Hern\u00e1ndez Hern\u00e1ndez, presidenta de la organizaci\u00f3n &#8220;Construyendo tu futuro&#8221;, dio a conocer que, exigen la regularizaci\u00f3n de terrenos invadidos en 2018, en el predio El Moral, por lo cual solicita la intervenci\u00f3n del ayuntamiento de Xalapa.<\/p>\n\n\n\n<p>Habitantes del predio El Moral, ubicado en las afueras de la capital, protestaron nuevamente para exigir al alcalde Ricardo Ahued, la conclusi\u00f3n de la regularizaci\u00f3n de los terrenos para poder acceder a servicios b\u00e1sicos.<\/p>\n\n\n\n<p>En entrevista, record\u00f3 que el predio fue invadido en el 2018, por lo que ya le hab\u00edan solicitado la regularizaci\u00f3n del predio.<\/p>\n\n\n\n<p>Mencion\u00f3 que ya cuentan con los dict\u00e1menes para el cambio de uso de suelo, por lo que piden que el Alcalde atienda su petici\u00f3n para poder regularizar los servicios b\u00e1sicos.<\/p>\n\n\n\n<p>Detall\u00f3 que m\u00e1s de 700 familias son las que est\u00e1n necesitadas de dichos servicios desde que invadieron los terrenos, para lo cual ya lograron un acuerdo con el due\u00f1o de las tierras.<\/p>\n\n\n\n<p>Por \u00faltimo reconoci\u00f3 que una de las peticiones del Alcalde fue que contaran con los dict\u00e1menes para el cambio de uso de suelo y poder concluir la regularizaci\u00f3n.<\/p>\n","protected":false},"excerpt":{"rendered":"<p>Dar\u00edo Pale Xalapa, Ver.- Bertha Hern\u00e1ndez Hern\u00e1ndez, presidenta de la organizaci\u00f3n &#8220;Construyendo tu futuro&#8221;, dio a conocer que, exigen la regularizaci\u00f3n de terrenos invadidos en 2018, en el predio El Moral, por lo cual solicita la intervenci\u00f3n del ayuntamiento de Xalapa. Habitantes del predio El Moral, ubicado en las afueras de la capital, protestaron nuevamente [&hellip;]<\/p>\n","protected":false},"author":2476,"featured_media":51483,"comment_status":"open","ping_status":"open","sticky":false,"template":"","format":"standard","meta":{"_jetpack_memberships_contains_paid_content":false,"footnotes":""},"categories":[3],"tags":[],"class_list":["post-51482","post","type-post","status-publish","format-standard","has-post-thumbnail","hentry","category-xalapa"],"jetpack_featured_media_url":"https:\/\/encuentroinformativo.com.mx\/wp-content\/uploads\/2024\/03\/IMG-20240305-WA00552.jpg","jetpack_sharing_enabled":true,"jetpack_likes_enabled":true,"amp_enabled":true,"_links":{"self":[{"href":"https:\/\/encuentroinformativo.com.mx\/index.php?rest_route=\/wp\/v2\/posts\/51482","targetHints":{"allow":["GET"]}}],"collection":[{"href":"https:\/\/encuentroinformativo.com.mx\/index.php?rest_route=\/wp\/v2\/posts"}],"about":[{"href":"https:\/\/encuentroinformativo.com.mx\/index.php?rest_route=\/wp\/v2\/types\/post"}],"author":[{"embeddable":true,"href":"https:\/\/encuentroinformativo.com.mx\/index.php?rest_route=\/wp\/v2\/users\/2476"}],"replies":[{"embeddable":true,"href":"https:\/\/encuentroinformativo.com.mx\/index.php?rest_route=%2Fwp%2Fv2%2Fcomments&post=51482"}],"version-history":[{"count":1,"href":"https:\/\/encuentroinformativo.com.mx\/index.php?rest_route=\/wp\/v2\/posts\/51482\/revisions"}],"predecessor-version":[{"id":51484,"href":"https:\/\/encuentroinformativo.com.mx\/index.php?rest_route=\/wp\/v2\/posts\/51482\/revisions\/51484"}],"wp:featuredmedia":[{"embeddable":true,"href":"https:\/\/encuentroinformativo.com.mx\/index.php?rest_route=\/wp\/v2\/media\/51483"}],"wp:attachment":[{"href":"https:\/\/encuentroinformativo.com.mx\/index.php?rest_route=%2Fwp%2Fv2%2Fmedia&parent=51482"}],"wp:term":[{"taxonomy":"category","embeddable":true,"href":"https:\/\/encuentroinformativo.com.mx\/index.php?rest_route=%2Fwp%2Fv2%2Fcategories&post=51482"},{"taxonomy":"post_tag","embeddable":true,"href":"https:\/\/encuentroinformativo.com.mx\/index.php?rest_route=%2Fwp%2Fv2%2Ftags&post=51482"}],"curies":[{"name":"wp","href":"https:\/\/api.w.org\/{rel}","templated":true}]}}