{"id":51485,"date":"2024-03-05T09:53:58","date_gmt":"2024-03-05T15:53:58","guid":{"rendered":"https:\/\/encuentroinformativo.com.mx\/?p=51485"},"modified":"2024-03-05T13:56:47","modified_gmt":"2024-03-05T19:56:47","slug":"belanova-y-enjambre-estaran-summer-fest-de-boca-del-rio","status":"publish","type":"post","link":"https:\/\/encuentroinformativo.com.mx\/?p=51485","title":{"rendered":"Belanova y Enjambre estar\u00e1n Summer Fest de Boca del R\u00edo"},"content":{"rendered":"\n<p><strong>Alejandro \u00c1vila<\/strong><\/p>\n\n\n\n<p>Veracruz, Ver.- Este lunes fue revelado el segundo artista que se presentar\u00e1 en el Summer Fest que se realizar\u00e1 en Boca del R\u00edo, hace unos d\u00edas se hab\u00eda dado a conocer que la agrupaci\u00f3n Belanova encabezar\u00eda el elenco.<\/p>\n\n\n\n<p>Se trata de los zacatecanos de Enjambre, agrupaci\u00f3n del g\u00e9nero Indie Rock, qui\u00e9nes fueron anunciados por GP Producer la tarde de este lunes 4 de marzo, como la segunda banda que se presentar\u00e1 en el evento que se llevar\u00e1 a cabo al interior de las instalaciones de la&nbsp; Expo Ganadera Ylang Ylang.<\/p>\n\n\n\n<p>Es de recordar que el Summer Fest se realizar\u00e1 el pr\u00f3ximo 27 de julio y, a partir del mi\u00e9rcoles 6 de marzo iniciar\u00e1 la venta de boletos en la p\u00e1gina de GP Producer; de manera f\u00edsica pueden comprar sus boletos en el comercio Fitmania, ubicado en la calle Tibur\u00f3n n\u00famero 770 del fraccionamiento Costa de Oro.<\/p>\n\n\n\n<p>La primer banda anunciada fue, Belanova, la cual regresa a los escenarios tras una larga ausencia; los tapat\u00edos encabezados por Denisse Guerrero, transportar\u00e1n a los asistentes a una noche de nost\u00e1lgico Electro Pop.<\/p>\n","protected":false},"excerpt":{"rendered":"<p>Alejandro \u00c1vila Veracruz, Ver.- Este lunes fue revelado el segundo artista que se presentar\u00e1 en el Summer Fest que se realizar\u00e1 en Boca del R\u00edo, hace unos d\u00edas se hab\u00eda dado a conocer que la agrupaci\u00f3n Belanova encabezar\u00eda el elenco. Se trata de los zacatecanos de Enjambre, agrupaci\u00f3n del g\u00e9nero Indie Rock, qui\u00e9nes fueron anunciados [&hellip;]<\/p>\n","protected":false},"author":2476,"featured_media":51486,"comment_status":"open","ping_status":"open","sticky":false,"template":"","format":"standard","meta":{"_jetpack_memberships_contains_paid_content":false,"footnotes":""},"categories":[2],"tags":[],"class_list":["post-51485","post","type-post","status-publish","format-standard","has-post-thumbnail","hentry","category-estado"],"jetpack_featured_media_url":"https:\/\/encuentroinformativo.com.mx\/wp-content\/uploads\/2024\/03\/IMG-20240305-WA0081.jpg","jetpack_sharing_enabled":true,"jetpack_likes_enabled":true,"amp_enabled":true,"_links":{"self":[{"href":"https:\/\/encuentroinformativo.com.mx\/index.php?rest_route=\/wp\/v2\/posts\/51485","targetHints":{"allow":["GET"]}}],"collection":[{"href":"https:\/\/encuentroinformativo.com.mx\/index.php?rest_route=\/wp\/v2\/posts"}],"about":[{"href":"https:\/\/encuentroinformativo.com.mx\/index.php?rest_route=\/wp\/v2\/types\/post"}],"author":[{"embeddable":true,"href":"https:\/\/encuentroinformativo.com.mx\/index.php?rest_route=\/wp\/v2\/users\/2476"}],"replies":[{"embeddable":true,"href":"https:\/\/encuentroinformativo.com.mx\/index.php?rest_route=%2Fwp%2Fv2%2Fcomments&post=51485"}],"version-history":[{"count":1,"href":"https:\/\/encuentroinformativo.com.mx\/index.php?rest_route=\/wp\/v2\/posts\/51485\/revisions"}],"predecessor-version":[{"id":51487,"href":"https:\/\/encuentroinformativo.com.mx\/index.php?rest_route=\/wp\/v2\/posts\/51485\/revisions\/51487"}],"wp:featuredmedia":[{"embeddable":true,"href":"https:\/\/encuentroinformativo.com.mx\/index.php?rest_route=\/wp\/v2\/media\/51486"}],"wp:attachment":[{"href":"https:\/\/encuentroinformativo.com.mx\/index.php?rest_route=%2Fwp%2Fv2%2Fmedia&parent=51485"}],"wp:term":[{"taxonomy":"category","embeddable":true,"href":"https:\/\/encuentroinformativo.com.mx\/index.php?rest_route=%2Fwp%2Fv2%2Fcategories&post=51485"},{"taxonomy":"post_tag","embeddable":true,"href":"https:\/\/encuentroinformativo.com.mx\/index.php?rest_route=%2Fwp%2Fv2%2Ftags&post=51485"}],"curies":[{"name":"wp","href":"https:\/\/api.w.org\/{rel}","templated":true}]}}