{"id":51489,"date":"2024-03-05T15:52:14","date_gmt":"2024-03-05T21:52:14","guid":{"rendered":"https:\/\/encuentroinformativo.com.mx\/?p=51489"},"modified":"2024-03-05T15:52:20","modified_gmt":"2024-03-05T21:52:20","slug":"violencia-no-debe-normalizarse-americo-zuniga","status":"publish","type":"post","link":"https:\/\/encuentroinformativo.com.mx\/?p=51489","title":{"rendered":"Violencia no debe normalizarse: Am\u00e9rico Z\u00fa\u00f1iga"},"content":{"rendered":"\n<p><strong>Dar\u00edo Pale <\/strong><\/p>\n\n\n\n<p>Xalapa, Ver.- Los hechos ocurridos como el de ayer en la ciudad de Cardel, no deben normalizarse y es deber del Gobierno del Estado y de las instancias como la Fiscal\u00eda General del Estado (FGE) proporcionar seguridad a los ciudadanos, as\u00ed lo dio a conocer el candidato a la diputaci\u00f3n federal por Xalapa de la Coalici\u00f3n &#8220;Fuerza y Coraz\u00f3n por Veracruz&#8221;, Am\u00e9rico Z\u00fa\u00f1iga Mart\u00ednez.<\/p>\n\n\n\n<p>Al ser entrevistado sobre el asesinato del primo del dirigente del PRI en Veracruz, Policarpio Ram\u00edrez Arana, indic\u00f3 que el deceso de una persona en manos de la violencia siempre es lamentable y no porque se trate de una figura p\u00fablica o un pol\u00edtico.<\/p>\n\n\n\n<p>Se\u00f1al\u00f3 que en su caso no solicitar\u00e1 seguridad al Instituto Nacional Electoral (INE) sino a las dependencias correspondientes, porque son \u00fanicamente ellas quienes est\u00e1n obligadas a hacerlo.<\/p>\n\n\n\n<p>\u201cLa seguridad se le debe pedir a las autoridades que deben procurarla, se le debe pedir al gobernador, a la Fiscal\u00eda, debemos pedirle seguridad para nuestras familias, para los comerciantes, para los empresarios, amas de casa, jefas de familia, para nuestros j\u00f3venes, no para los pol\u00edticos. Un polic\u00eda cuid\u00e1ndome a mi es un polic\u00eda que deber\u00eda cuidar a la gente, la gente me cuida a m\u00ed\u201d, coment\u00f3.<\/p>\n\n\n\n<p>Asimismo, dijo estar molesto debido a que la capital cay\u00f3 en un mayor porcentaje en feminicidios que el promedio nacional, y que los colectivos de b\u00fasqueda no sean escuchados.<\/p>\n\n\n\n<p>Recrimin\u00f3 que con el gobierno de Morena, Xalapa no ha visto resultados ni cifras en ning\u00fan rubro que alienten o a decir que la ciudad va bien, sino por el contrario, asegur\u00f3 que la capital carece cada vez m\u00e1s de infraestructura y de agua, entre otras cosas, por lo que precis\u00f3 que urge tener un representante en la c\u00e1mara baja.<\/p>\n\n\n\n<p>Finalmente se\u00f1al\u00f3, \u201ctenemos diputado no representante, no hay iniciativas, esa curul necesita a Xalapa, a los sectores productivos, a las personas con discapacidad, a los adultos mayores\u201d.<\/p>\n","protected":false},"excerpt":{"rendered":"<p>Dar\u00edo Pale Xalapa, Ver.- Los hechos ocurridos como el de ayer en la ciudad de Cardel, no deben normalizarse y es deber del Gobierno del Estado y de las instancias como la Fiscal\u00eda General del Estado (FGE) proporcionar seguridad a los ciudadanos, as\u00ed lo dio a conocer el candidato a la diputaci\u00f3n federal por Xalapa [&hellip;]<\/p>\n","protected":false},"author":2476,"featured_media":51490,"comment_status":"open","ping_status":"open","sticky":false,"template":"","format":"standard","meta":{"_jetpack_memberships_contains_paid_content":false,"footnotes":""},"categories":[3],"tags":[],"class_list":["post-51489","post","type-post","status-publish","format-standard","has-post-thumbnail","hentry","category-xalapa"],"jetpack_featured_media_url":"https:\/\/encuentroinformativo.com.mx\/wp-content\/uploads\/2024\/03\/IMG-20240305-WA0079.jpg","jetpack_sharing_enabled":true,"jetpack_likes_enabled":true,"amp_enabled":true,"_links":{"self":[{"href":"https:\/\/encuentroinformativo.com.mx\/index.php?rest_route=\/wp\/v2\/posts\/51489","targetHints":{"allow":["GET"]}}],"collection":[{"href":"https:\/\/encuentroinformativo.com.mx\/index.php?rest_route=\/wp\/v2\/posts"}],"about":[{"href":"https:\/\/encuentroinformativo.com.mx\/index.php?rest_route=\/wp\/v2\/types\/post"}],"author":[{"embeddable":true,"href":"https:\/\/encuentroinformativo.com.mx\/index.php?rest_route=\/wp\/v2\/users\/2476"}],"replies":[{"embeddable":true,"href":"https:\/\/encuentroinformativo.com.mx\/index.php?rest_route=%2Fwp%2Fv2%2Fcomments&post=51489"}],"version-history":[{"count":1,"href":"https:\/\/encuentroinformativo.com.mx\/index.php?rest_route=\/wp\/v2\/posts\/51489\/revisions"}],"predecessor-version":[{"id":51491,"href":"https:\/\/encuentroinformativo.com.mx\/index.php?rest_route=\/wp\/v2\/posts\/51489\/revisions\/51491"}],"wp:featuredmedia":[{"embeddable":true,"href":"https:\/\/encuentroinformativo.com.mx\/index.php?rest_route=\/wp\/v2\/media\/51490"}],"wp:attachment":[{"href":"https:\/\/encuentroinformativo.com.mx\/index.php?rest_route=%2Fwp%2Fv2%2Fmedia&parent=51489"}],"wp:term":[{"taxonomy":"category","embeddable":true,"href":"https:\/\/encuentroinformativo.com.mx\/index.php?rest_route=%2Fwp%2Fv2%2Fcategories&post=51489"},{"taxonomy":"post_tag","embeddable":true,"href":"https:\/\/encuentroinformativo.com.mx\/index.php?rest_route=%2Fwp%2Fv2%2Ftags&post=51489"}],"curies":[{"name":"wp","href":"https:\/\/api.w.org\/{rel}","templated":true}]}}