{"id":51492,"date":"2024-03-05T16:56:21","date_gmt":"2024-03-05T22:56:21","guid":{"rendered":"https:\/\/encuentroinformativo.com.mx\/?p=51492"},"modified":"2024-03-05T16:56:27","modified_gmt":"2024-03-05T22:56:27","slug":"hay-dos-lineas-de-investigacion-en-homicidio-de-policarpio-ramirez","status":"publish","type":"post","link":"https:\/\/encuentroinformativo.com.mx\/?p=51492","title":{"rendered":"Hay dos l\u00edneas de investigaci\u00f3n en homicidio de Policarpio Ram\u00edrez"},"content":{"rendered":"\n<p><strong>Dar\u00edo Pale<\/strong><\/p>\n\n\n\n<p>Xalapa, Ver.- El gobernador Cuitl\u00e1huac Garc\u00eda Jim\u00e9nez dio a conocer que hay dos l\u00edneas de investigaci\u00f3n una de ellas ser\u00eda el crimen organizado, en el caso de Policarpio Ram\u00edrez, primo del dirigente estatal del PRI, Adolfo Ram\u00edrez Arana, que posiblemente estar\u00eda involucrado un panista.<\/p>\n\n\n\n<p>En conferencia de prensa, inform\u00f3 que se siguen dos l\u00edneas de investigaci\u00f3n, una tendr\u00eda que ver con la delincuencia organizada, en el crimen de Policarpio Ram\u00edrez Coria, primo del actual dirigente estatal del PRI, Adolfo Ram\u00edrez Arana.<\/p>\n\n\n\n<p>&#8220;Los hermanos todos del partido ten\u00edan est\u00e1 presunta relaci\u00f3n con los grupos delictivos, \u00a0de inmediato se \u00a0crea una l\u00ednea de investigaci\u00f3n l\u00f3gico pensarlo as\u00ed&#8221;, se\u00f1al\u00f3.<\/p>\n\n\n\n<p>Garc\u00eda Jim\u00e9nez, precis\u00f3 que actualmente entr\u00f3 en disputa con su propio hermano y con un personaje del PAN &#8220;que fue qui\u00e9n lo cit\u00f3 donde lo ultimaron, \u00a0se va a investigar qu\u00e9 sucedi\u00f3 exactamente y sobre esos dos temas es que la Fiscal\u00eda est\u00e1 haciendo sus investigaciones correspondientes&#8221;.<\/p>\n\n\n\n<p>Por lo que se siguen dos l\u00edneas de investigaci\u00f3n, dej\u00f3 en claro que se har\u00e1 justicia.<\/p>\n\n\n\n<p>La tarde del pasado \u00a0lunes, fue atacado \u00a0Policarpio Ram\u00edrez Coria, conocido como &#8220;El poli&#8221;, qui\u00e9n adem\u00e1s, era primo de Adolfo Ram\u00edrez Arana, l\u00edder Estatal del Partido Revolucionario Institucional (PRI).<\/p>\n\n\n\n<p>El pol\u00edtico pri\u00edsta fue ejecutado con 6 impactos de bala mientras sal\u00eda del restaurante de mariscos &#8220;Tampico&#8221;, ubicado en la ciudad de Cardel, Veracruz.<\/p>\n\n\n\n<p>Por \u00faltimo cabe se\u00f1alar que los elementos de la Fiscal\u00eda General del Estado (FGE), realizan las investigaciones correspondientes de los hechos delincuenciales.<\/p>\n","protected":false},"excerpt":{"rendered":"<p>Dar\u00edo Pale Xalapa, Ver.- El gobernador Cuitl\u00e1huac Garc\u00eda Jim\u00e9nez dio a conocer que hay dos l\u00edneas de investigaci\u00f3n una de ellas ser\u00eda el crimen organizado, en el caso de Policarpio Ram\u00edrez, primo del dirigente estatal del PRI, Adolfo Ram\u00edrez Arana, que posiblemente estar\u00eda involucrado un panista. En conferencia de prensa, inform\u00f3 que se siguen dos [&hellip;]<\/p>\n","protected":false},"author":2476,"featured_media":51493,"comment_status":"open","ping_status":"open","sticky":false,"template":"","format":"standard","meta":{"_jetpack_memberships_contains_paid_content":false,"footnotes":""},"categories":[8],"tags":[],"class_list":["post-51492","post","type-post","status-publish","format-standard","has-post-thumbnail","hentry","category-region"],"jetpack_featured_media_url":"https:\/\/encuentroinformativo.com.mx\/wp-content\/uploads\/2024\/03\/774fd3cc-dc2f-4fba-acee-3430d332de55.jpg","jetpack_sharing_enabled":true,"jetpack_likes_enabled":true,"amp_enabled":true,"_links":{"self":[{"href":"https:\/\/encuentroinformativo.com.mx\/index.php?rest_route=\/wp\/v2\/posts\/51492","targetHints":{"allow":["GET"]}}],"collection":[{"href":"https:\/\/encuentroinformativo.com.mx\/index.php?rest_route=\/wp\/v2\/posts"}],"about":[{"href":"https:\/\/encuentroinformativo.com.mx\/index.php?rest_route=\/wp\/v2\/types\/post"}],"author":[{"embeddable":true,"href":"https:\/\/encuentroinformativo.com.mx\/index.php?rest_route=\/wp\/v2\/users\/2476"}],"replies":[{"embeddable":true,"href":"https:\/\/encuentroinformativo.com.mx\/index.php?rest_route=%2Fwp%2Fv2%2Fcomments&post=51492"}],"version-history":[{"count":1,"href":"https:\/\/encuentroinformativo.com.mx\/index.php?rest_route=\/wp\/v2\/posts\/51492\/revisions"}],"predecessor-version":[{"id":51494,"href":"https:\/\/encuentroinformativo.com.mx\/index.php?rest_route=\/wp\/v2\/posts\/51492\/revisions\/51494"}],"wp:featuredmedia":[{"embeddable":true,"href":"https:\/\/encuentroinformativo.com.mx\/index.php?rest_route=\/wp\/v2\/media\/51493"}],"wp:attachment":[{"href":"https:\/\/encuentroinformativo.com.mx\/index.php?rest_route=%2Fwp%2Fv2%2Fmedia&parent=51492"}],"wp:term":[{"taxonomy":"category","embeddable":true,"href":"https:\/\/encuentroinformativo.com.mx\/index.php?rest_route=%2Fwp%2Fv2%2Fcategories&post=51492"},{"taxonomy":"post_tag","embeddable":true,"href":"https:\/\/encuentroinformativo.com.mx\/index.php?rest_route=%2Fwp%2Fv2%2Ftags&post=51492"}],"curies":[{"name":"wp","href":"https:\/\/api.w.org\/{rel}","templated":true}]}}