{"id":51497,"date":"2024-03-05T14:16:08","date_gmt":"2024-03-05T20:16:08","guid":{"rendered":"https:\/\/encuentroinformativo.com.mx\/?p=51497"},"modified":"2024-03-05T19:23:11","modified_gmt":"2024-03-06T01:23:11","slug":"autoridades-impiden-volanteo-para-continuar-busqueda-de-mi-hija-acusa-madre","status":"publish","type":"post","link":"https:\/\/encuentroinformativo.com.mx\/?p=51497","title":{"rendered":"Autoridades impiden volanteo para continuar b\u00fasqueda de mi hija, acusa madre"},"content":{"rendered":"\n<p><strong>Juan Arcos <\/strong><\/p>\n\n\n\n<p>Xalapa, Ver.- Familiares de desaparecidos denunciaron que la Comisi\u00f3n Estatal de B\u00fasqueda de Veracruz (CEB) impide el volanteo para la localizaci\u00f3n de una joven, a quien se le perdi\u00f3 la pista en el municipio de Poza Rica, hace 13 a\u00f1os.<\/p>\n\n\n\n<p>Se trata de Mari\u00f3n Ivette Sampayo Salazar, quien fue reportada como desaparecida desde el 14 de enero de 2011 y hasta el momento no hay indicios de su paradero, ni avances en las diligencias para su localizaci\u00f3n.<\/p>\n\n\n\n<p>Su madre Olga Lidia Salazar, del colectivo \u201cBuscando nos encontramos\u201d, acudi\u00f3 nuevamente al Poder Judicial de la Federaci\u00f3n, en la ciudad de Xalapa, para promover un amparo y as\u00ed se le permita continuar con la b\u00fasqueda de su hija.<\/p>\n\n\n\n<p>La mujer se present\u00f3 en el recinto federal, ubicado sobre el bulevar Rafael Gu\u00edzar y Valencia, mejor conocido como Arco Sur, la tarde del lunes 4 de marzo, pero le dijeron que volviera el 22 de marzo para tramitar el amparo correspondiente.<\/p>\n\n\n\n<p>\u201cLa Comisi\u00f3n Estatal de B\u00fasqueda est\u00e1 violando mis derechos. Me citaron, ahorita me hicieron como una peque\u00f1a entrevista y me citaron para el d\u00eda 22 de marzo a las 11 de la ma\u00f1ana para entonces ya elaborarme el amparo. Ahorita ya dej\u00e9 los documentos a donde se me niega la b\u00fasqueda del volanteo de mi hija, ya le dej\u00e9 todos los documentos al licenciado de la Defensor\u00eda P\u00fablica y va a ser lo propio. Entonces ya el d\u00eda 22 de marzo yo me tengo que presentar a las 11 de la ma\u00f1ana para que me sea elaborado el amparo\u201d, detall\u00f3.<\/p>\n\n\n\n<p>El argumento de la Comisi\u00f3n Estatal de B\u00fasqueda es que carece de personal y presupuesto para continuar con el volanteo mencionado.<\/p>\n\n\n\n<p>\u201cTenemos que hacer por secciones, no podemos abarcar en una sola b\u00fasqueda todo el estado. Entonces como que lo seccionamos el norte, el sur y el centro. Entonces ahorita quer\u00eda yo hacer la continuaci\u00f3n de la b\u00fasqueda porque termin\u00e9 en el norte, quiero hacer la del centro y ya se me neg\u00f3. La Comisi\u00f3n Estatal de B\u00fasqueda me dice que ya no me puede hacer el volanteo porque no tienen personal y ya no hay presupuesto\u201d, expres\u00f3 Olga Lidia.<\/p>\n\n\n\n<p>Otro argumento de la CEB para detener el volanteo es que en la solicitud para realizar esta actividad no se especific\u00f3 el lugar donde la joven desapareci\u00f3, lo que resulta una incongruencia para su madre, pues se desconoce el paradero de Mari\u00f3n.<\/p>\n\n\n\n<p>&#8220;El problema surge porque en el oficio que mand\u00f3 la fiscal para hacer la b\u00fasqueda del volanteo de mi hija no existe ning\u00fan dato donde diga que mi hija puede estar en esos lugares a donde yo quiero hacer el volanteo. \u00bfQu\u00e9 parte de que es un desaparecido no entienden? y no sabemos d\u00f3nde puede estar, no entiende la Comisi\u00f3n Estatal de B\u00fasqueda. Nadie tiene un dato preciso de d\u00f3nde puede estar mi hija\u201d, remat\u00f3 la mujer.<\/p>\n\n\n\n<p>El pasado 12 de febrero, Olga Lidia y otros integrantes de colectivos de b\u00fasqueda acudieron al Poder Judicial de la Federaci\u00f3n, con sede en Xalapa, para presentar un amparo contra diversas autoridades por presuntamente haber \u201crasurado\u201d el padr\u00f3n de personas desaparecidas.<\/p>\n\n\n\n<p>En esta ocasi\u00f3n, la mam\u00e1 de Mari\u00f3n promover\u00eda un segundo amparo ante las instancias federales, ahora por la presunta omisi\u00f3n por parte de la Comisi\u00f3n Estatal de B\u00fasqueda de Veracruz.<\/p>\n","protected":false},"excerpt":{"rendered":"<p>Juan Arcos Xalapa, Ver.- Familiares de desaparecidos denunciaron que la Comisi\u00f3n Estatal de B\u00fasqueda de Veracruz (CEB) impide el volanteo para la localizaci\u00f3n de una joven, a quien se le perdi\u00f3 la pista en el municipio de Poza Rica, hace 13 a\u00f1os. Se trata de Mari\u00f3n Ivette Sampayo Salazar, quien fue reportada como desaparecida desde [&hellip;]<\/p>\n","protected":false},"author":2476,"featured_media":51498,"comment_status":"open","ping_status":"open","sticky":false,"template":"","format":"standard","meta":{"_jetpack_memberships_contains_paid_content":false,"footnotes":""},"categories":[2],"tags":[],"class_list":["post-51497","post","type-post","status-publish","format-standard","has-post-thumbnail","hentry","category-estado"],"jetpack_featured_media_url":"https:\/\/encuentroinformativo.com.mx\/wp-content\/uploads\/2024\/03\/IMG_8487.jpg","jetpack_sharing_enabled":true,"jetpack_likes_enabled":true,"amp_enabled":true,"_links":{"self":[{"href":"https:\/\/encuentroinformativo.com.mx\/index.php?rest_route=\/wp\/v2\/posts\/51497","targetHints":{"allow":["GET"]}}],"collection":[{"href":"https:\/\/encuentroinformativo.com.mx\/index.php?rest_route=\/wp\/v2\/posts"}],"about":[{"href":"https:\/\/encuentroinformativo.com.mx\/index.php?rest_route=\/wp\/v2\/types\/post"}],"author":[{"embeddable":true,"href":"https:\/\/encuentroinformativo.com.mx\/index.php?rest_route=\/wp\/v2\/users\/2476"}],"replies":[{"embeddable":true,"href":"https:\/\/encuentroinformativo.com.mx\/index.php?rest_route=%2Fwp%2Fv2%2Fcomments&post=51497"}],"version-history":[{"count":1,"href":"https:\/\/encuentroinformativo.com.mx\/index.php?rest_route=\/wp\/v2\/posts\/51497\/revisions"}],"predecessor-version":[{"id":51499,"href":"https:\/\/encuentroinformativo.com.mx\/index.php?rest_route=\/wp\/v2\/posts\/51497\/revisions\/51499"}],"wp:featuredmedia":[{"embeddable":true,"href":"https:\/\/encuentroinformativo.com.mx\/index.php?rest_route=\/wp\/v2\/media\/51498"}],"wp:attachment":[{"href":"https:\/\/encuentroinformativo.com.mx\/index.php?rest_route=%2Fwp%2Fv2%2Fmedia&parent=51497"}],"wp:term":[{"taxonomy":"category","embeddable":true,"href":"https:\/\/encuentroinformativo.com.mx\/index.php?rest_route=%2Fwp%2Fv2%2Fcategories&post=51497"},{"taxonomy":"post_tag","embeddable":true,"href":"https:\/\/encuentroinformativo.com.mx\/index.php?rest_route=%2Fwp%2Fv2%2Ftags&post=51497"}],"curies":[{"name":"wp","href":"https:\/\/api.w.org\/{rel}","templated":true}]}}