{"id":51500,"date":"2024-03-05T19:39:21","date_gmt":"2024-03-06T01:39:21","guid":{"rendered":"https:\/\/encuentroinformativo.com.mx\/?p=51500"},"modified":"2024-03-05T19:39:25","modified_gmt":"2024-03-06T01:39:25","slug":"acusa-pan-desvio-de-recursos-a-campanas","status":"publish","type":"post","link":"https:\/\/encuentroinformativo.com.mx\/?p=51500","title":{"rendered":"Acusa PAN desv\u00edo de recursos a campa\u00f1as"},"content":{"rendered":"\n<p><strong>Alejandro \u00c1vila<\/strong><\/p>\n\n\n\n<p>Veracruz, Ver.- El Partido Acci\u00f3n Nacional (PAN) denunciar\u00e1 el desv\u00edo de dinero de los programas de Bienestar hacia la campa\u00f1a de los candidatos de Morena, mencion\u00f3 el Senador, Julen Remenr\u00eda del Puerto.<\/p>\n\n\n\n<p>Es de recordar que hace unos d\u00edas el columnista del Universal, H\u00e9ctor de Maule\u00f3n, dios santo y se\u00f1a de este desv\u00edo de recursos, los datos fueron proporcionados por Mar\u00eda del Roc\u00edo Jocelyn Hern\u00e1ndez Jim\u00e9nez, fundadora de Morena y subdelegada regional de programas sociales en el gobierno de Sinaloa.<\/p>\n\n\n\n<p>\u201cEl Partido Acci\u00f3n Nacional, presentar\u00e1 una denuncia formal en contra de los hechos que narra H\u00e9ctor de Maule\u00f3n, sobre la denuncia de la se\u00f1ora Mar\u00eda del Roc\u00edo Jocelyn Hern\u00e1ndez Jim\u00e9nez, no podemos seguir permitiendo que esto suceda en M\u00e9xico y las autoridades volteen a otro lado, tiene que haber una investigaci\u00f3n pertinente por parte de la fiscal\u00eda\u201d.<\/p>\n\n\n\n<p>Rementer\u00eda del Puerto se\u00f1al\u00f3 que Acci\u00f3n Nacional exige que se investigue estos hechos de corrupci\u00f3n y la complicidad que la fundadora de Morena exhibe entre el partido oficial y el crimen organizado.<\/p>\n\n\n\n<p>En rueda de prensa en el Senado de la Rep\u00fablica, Rementer\u00eda destac\u00f3 que hace unos meses el extinto exsecretario de Hacienda y Cr\u00e9dito P\u00fablico, Carlos Urz\u00faa Mac\u00edas revel\u00f3 la existencia de 600 mil \u201cfantasmas\u201d que cobraban la pensi\u00f3n del bienestar para desviar alrededor de 50 mil millones de pesos.<\/p>\n\n\n\n<p>\u201cAnte estos se\u00f1alamientos de los propios militantes de Morena le tomo la palabra al presidente y que la honre, que al presentarse las pruebas de semejante desvi\u00f3, \u00e9l mismo denuncie los desv\u00edos que se hicieron en la Secretar\u00eda del Bienestar\u201d, precis\u00f3.<\/p>\n\n\n\n<p>El l\u00edder de la bancada panista en la C\u00e1mara Alta, remarc\u00f3 que no permitir\u00e1n que sigan expedientes sin abrir, por parte de la fiscal\u00eda, y menos impunes.<\/p>\n\n\n\n<p>\u201cNo podemos permitir que simplemente en este pa\u00eds, la posibilidad de elecciones democr\u00e1ticas se pierda por la intromisi\u00f3n del crimen organizado, es necesario acabar con ello investig\u00e1ndolo y, de ser ciertos estos hechos, llamar a cuenta y sancionar como la ley lo disponga a los involucrados. Por eso, ahora lo haremos de manera formal, denunciando para ver si as\u00ed, de una vez por todas, voltean a ver en d\u00f3nde est\u00e1 el problema de la inseguridad y en d\u00f3nde est\u00e1 el problema de las cosas que se vienen dando en nuestro pa\u00eds, que pareciera no tienen explicaci\u00f3n\u201d, finaliz\u00f3.<\/p>\n","protected":false},"excerpt":{"rendered":"<p>Alejandro \u00c1vila Veracruz, Ver.- El Partido Acci\u00f3n Nacional (PAN) denunciar\u00e1 el desv\u00edo de dinero de los programas de Bienestar hacia la campa\u00f1a de los candidatos de Morena, mencion\u00f3 el Senador, Julen Remenr\u00eda del Puerto. Es de recordar que hace unos d\u00edas el columnista del Universal, H\u00e9ctor de Maule\u00f3n, dios santo y se\u00f1a de este desv\u00edo [&hellip;]<\/p>\n","protected":false},"author":2476,"featured_media":51501,"comment_status":"open","ping_status":"open","sticky":false,"template":"","format":"standard","meta":{"_jetpack_memberships_contains_paid_content":false,"footnotes":""},"categories":[12],"tags":[],"class_list":["post-51500","post","type-post","status-publish","format-standard","has-post-thumbnail","hentry","category-nacional"],"jetpack_featured_media_url":"https:\/\/encuentroinformativo.com.mx\/wp-content\/uploads\/2024\/03\/IMG-20240305-WA01052.jpg","jetpack_sharing_enabled":true,"jetpack_likes_enabled":true,"amp_enabled":true,"_links":{"self":[{"href":"https:\/\/encuentroinformativo.com.mx\/index.php?rest_route=\/wp\/v2\/posts\/51500","targetHints":{"allow":["GET"]}}],"collection":[{"href":"https:\/\/encuentroinformativo.com.mx\/index.php?rest_route=\/wp\/v2\/posts"}],"about":[{"href":"https:\/\/encuentroinformativo.com.mx\/index.php?rest_route=\/wp\/v2\/types\/post"}],"author":[{"embeddable":true,"href":"https:\/\/encuentroinformativo.com.mx\/index.php?rest_route=\/wp\/v2\/users\/2476"}],"replies":[{"embeddable":true,"href":"https:\/\/encuentroinformativo.com.mx\/index.php?rest_route=%2Fwp%2Fv2%2Fcomments&post=51500"}],"version-history":[{"count":1,"href":"https:\/\/encuentroinformativo.com.mx\/index.php?rest_route=\/wp\/v2\/posts\/51500\/revisions"}],"predecessor-version":[{"id":51502,"href":"https:\/\/encuentroinformativo.com.mx\/index.php?rest_route=\/wp\/v2\/posts\/51500\/revisions\/51502"}],"wp:featuredmedia":[{"embeddable":true,"href":"https:\/\/encuentroinformativo.com.mx\/index.php?rest_route=\/wp\/v2\/media\/51501"}],"wp:attachment":[{"href":"https:\/\/encuentroinformativo.com.mx\/index.php?rest_route=%2Fwp%2Fv2%2Fmedia&parent=51500"}],"wp:term":[{"taxonomy":"category","embeddable":true,"href":"https:\/\/encuentroinformativo.com.mx\/index.php?rest_route=%2Fwp%2Fv2%2Fcategories&post=51500"},{"taxonomy":"post_tag","embeddable":true,"href":"https:\/\/encuentroinformativo.com.mx\/index.php?rest_route=%2Fwp%2Fv2%2Ftags&post=51500"}],"curies":[{"name":"wp","href":"https:\/\/api.w.org\/{rel}","templated":true}]}}