{"id":51518,"date":"2024-03-06T09:12:29","date_gmt":"2024-03-06T15:12:29","guid":{"rendered":"https:\/\/encuentroinformativo.com.mx\/?p=51518"},"modified":"2024-03-06T09:12:34","modified_gmt":"2024-03-06T15:12:34","slug":"del-puerto-para-veracruz-24-25-30","status":"publish","type":"post","link":"https:\/\/encuentroinformativo.com.mx\/?p=51518","title":{"rendered":"DEL PUERTO PARA VERACRUZ 24-25-30"},"content":{"rendered":"\n<p><strong>Los Pol\u00edticos<\/strong><\/p>\n\n\n\n<p><strong>Salvador Mu\u00f1oz<\/strong><\/p>\n\n\n\n<p>Si Fernando Yunes M\u00e1rquez va por una curul local y su padre y hermano, Miguel \u00c1ngel Yunes, van por un esca\u00f1o, esto s\u00f3lo viene a ser la punta del Iceberg que se asoma en la zona conurbada de lo que este grupo al interior del PAN, va cimentando para afianzar este 2024, pero con miras al 25-30\u2026 es cuesti\u00f3n de ver c\u00f3mo se mueven las fichas y ver\u00e1n el porqu\u00e9.<\/p>\n\n\n\n<p>Ya ubicados los tres Yunes del Estero, por una cuesti\u00f3n jer\u00e1rquica, habr\u00eda que empezar por ver a la segunda f\u00f3rmula al Senado encabezada por Sara Ladr\u00f3n de Guevara, quien si bien es una posici\u00f3n perredista pero tambi\u00e9n ciudadana, uno no deja de recordar que hay una excelente relaci\u00f3n entre don Miguel \u00c1ngel y la ex rectora, no s\u00e9 si previo al 2016 pero s\u00ed al menos en el lapso que le toc\u00f3 gobernar a Yunes Linares.<\/p>\n\n\n\n<p>Ah, y a ello agreguemos que es evidente el \u201ccoacheo\u201d que le vienen dando tanto padre como hijo a la acad\u00e9mica en esta semana que va de campa\u00f1a.<\/p>\n\n\n\n<p>Ni hablar de las dos candidatas a diputadas federales por la zona conurbada: Ver\u00f3nica Pulido y Maryjose Gamboa Torales\u2026<\/p>\n\n\n\n<p>Y si a ello le sumamos la posible candidatura a diputado local de Chiquinando por el distrito XV\u2026 por el Distrito XIV se habla de Gerardo Loya Romero, ex director de Desarrollo Social municipal con Paty-Yu\u2026 aunque en el organigrama del Ayuntamiento porte\u00f1o, a\u00fan aparece.<\/p>\n\n\n\n<p>Loya present\u00f3 su renuncia all\u00e1 por el 29 de febrero\u2026 Ojo! Porque Gerardo tambi\u00e9n ocup\u00f3 el mismo cargo durante la administraci\u00f3n de Fernando Yunes M\u00e1rquez.<\/p>\n\n\n\n<p>Hay que citar tambi\u00e9n que el distrito XIV lo gan\u00f3 Fernando \u201cEl Huevo\u201d Arteaga cuando para la oposici\u00f3n le toc\u00f3 designar candidato, que en este caso fue Candidata en la figura de Carolina Gudi\u00f1o Corro. Sepa si en Morena le den la oportunidad al Huevo (quien todav\u00eda anda malito de su rodilla) para competir por la reelecci\u00f3n, aunque Maritza Cantarell anda muy activa y pegadita a la otra candidata Rosa Mar\u00eda Hern\u00e1ndez Espejo. El encuentro, todo indica, ser\u00eda entre Loya y Maritza.<\/p>\n\n\n\n<p>Entonces, con dos Yunes y una aliada por los esca\u00f1os; dos aliadas m\u00e1s por las curules de San L\u00e1zaro, y otro Yunes por una silla del Palacio de Encanto acompa\u00f1ado por su cuate Loya, es claro que los Yunes quieren apoderarse de manera total del Puerto\u2026<\/p>\n\n\n\n<p>\u00bfY Boca del R\u00edo?<\/p>\n\n\n\n<p>As\u00ed como van las cosas, luego de que Indira Rosales San Rom\u00e1n pidiera por tiempo indefinido licencia a partir de este primero de marzo, todo indica que ella ser\u00e1 la cereza del pastel para ir en pos de la curul por Boca del R\u00edo o distrito XVI que hasta este momento, ocupa Jaime de la Garza\u2026 dato curioso: si gana Indira, la curul la ocupar\u00edan por dos periodos legislativos, dos \u201cEx\u2019s\u201d.<\/p>\n\n\n\n<p>Y esto es s\u00f3lo la zona conurbada\u2026 habr\u00e1 que ver en que otros distritos los Yunes mueven sus piezas, pero el primer paso est\u00e1 dado\u2026 ganando 2024, hay una avance para el 25 y de ah\u00ed, a trabajar para el 2030, del Puerto para Veracruz, abriendo el abanico!<\/p>\n\n\n\n<p>PD Por cierto, Miguel Hermida y Jaime de la Garza\u2026 \u00a1Gracias por participar!<\/p>\n\n\n\n<p>En una de \u00e9sas, si bien le va a Hermida, alcanza una direcci\u00f3n en el Ayuntamiento porte\u00f1o\u2026<\/p>\n","protected":false},"excerpt":{"rendered":"<p>Los Pol\u00edticos Salvador Mu\u00f1oz Si Fernando Yunes M\u00e1rquez va por una curul local y su padre y hermano, Miguel \u00c1ngel Yunes, van por un esca\u00f1o, esto s\u00f3lo viene a ser la punta del Iceberg que se asoma en la zona conurbada de lo que este grupo al interior del PAN, va cimentando para afianzar este [&hellip;]<\/p>\n","protected":false},"author":2476,"featured_media":387,"comment_status":"open","ping_status":"open","sticky":false,"template":"","format":"standard","meta":{"_jetpack_memberships_contains_paid_content":false,"footnotes":""},"categories":[11],"tags":[],"class_list":["post-51518","post","type-post","status-publish","format-standard","has-post-thumbnail","hentry","category-opinion"],"jetpack_featured_media_url":"https:\/\/encuentroinformativo.com.mx\/wp-content\/uploads\/2020\/03\/7CF8A22B-2764-47BE-8F7F-38FE9E5D6A2F.jpeg","jetpack_sharing_enabled":true,"jetpack_likes_enabled":true,"amp_enabled":true,"_links":{"self":[{"href":"https:\/\/encuentroinformativo.com.mx\/index.php?rest_route=\/wp\/v2\/posts\/51518","targetHints":{"allow":["GET"]}}],"collection":[{"href":"https:\/\/encuentroinformativo.com.mx\/index.php?rest_route=\/wp\/v2\/posts"}],"about":[{"href":"https:\/\/encuentroinformativo.com.mx\/index.php?rest_route=\/wp\/v2\/types\/post"}],"author":[{"embeddable":true,"href":"https:\/\/encuentroinformativo.com.mx\/index.php?rest_route=\/wp\/v2\/users\/2476"}],"replies":[{"embeddable":true,"href":"https:\/\/encuentroinformativo.com.mx\/index.php?rest_route=%2Fwp%2Fv2%2Fcomments&post=51518"}],"version-history":[{"count":1,"href":"https:\/\/encuentroinformativo.com.mx\/index.php?rest_route=\/wp\/v2\/posts\/51518\/revisions"}],"predecessor-version":[{"id":51519,"href":"https:\/\/encuentroinformativo.com.mx\/index.php?rest_route=\/wp\/v2\/posts\/51518\/revisions\/51519"}],"wp:featuredmedia":[{"embeddable":true,"href":"https:\/\/encuentroinformativo.com.mx\/index.php?rest_route=\/wp\/v2\/media\/387"}],"wp:attachment":[{"href":"https:\/\/encuentroinformativo.com.mx\/index.php?rest_route=%2Fwp%2Fv2%2Fmedia&parent=51518"}],"wp:term":[{"taxonomy":"category","embeddable":true,"href":"https:\/\/encuentroinformativo.com.mx\/index.php?rest_route=%2Fwp%2Fv2%2Fcategories&post=51518"},{"taxonomy":"post_tag","embeddable":true,"href":"https:\/\/encuentroinformativo.com.mx\/index.php?rest_route=%2Fwp%2Fv2%2Ftags&post=51518"}],"curies":[{"name":"wp","href":"https:\/\/api.w.org\/{rel}","templated":true}]}}