{"id":51525,"date":"2024-03-06T13:56:04","date_gmt":"2024-03-06T19:56:04","guid":{"rendered":"https:\/\/encuentroinformativo.com.mx\/?p=51525"},"modified":"2024-03-06T13:56:13","modified_gmt":"2024-03-06T19:56:13","slug":"caravana-victimas-de-chiapas-llega-a-xalapa","status":"publish","type":"post","link":"https:\/\/encuentroinformativo.com.mx\/?p=51525","title":{"rendered":"Caravana &#8220;v\u00edctimas de Chiapas&#8221; llega a Xalapa"},"content":{"rendered":"\n<p><strong>Juan Arcos <\/strong><\/p>\n\n\n\n<p>Xalapa, Ver.- Familiares de v\u00edctimas de feminicidio en el estado de Chiapas realizan una caravana por varias entidades del pa\u00eds, para visibilizar la problem\u00e1tica y este mi\u00e9rcoles 6 de marzo llegaron a la ciudad de Xalapa, la capital de Veracruz.<\/p>\n\n\n\n<p>Se trata de integrantes de la \u201cFundaci\u00f3n Karla Velasco\u201d, quienes se plantaron en la explanada del parque Benito Ju\u00e1rez y despu\u00e9s caminaron hacia Plaza Sebasti\u00e1n Lerdo de Tejada para mostrar sus lonas frente a Palacio de Gobierno, previo a la marcha del 8M por el D\u00eda Internacional de la Mujer.<\/p>\n\n\n\n<p>De acuerdo con Maricruz Velasco N\u00e1jera, madre de Karla Yesenia, con la marcha recorrieron tambi\u00e9n la Ciudad de M\u00e9xico, el estado de Puebla y ahora la entidad veracruzana.<\/p>\n\n\n\n<p>&#8220;Es para visibilizar que los casos de feminicidio est\u00e1n por todos lados. Es una pandemia que nos est\u00e1 carcomiendo d\u00eda a d\u00eda. En el estado de Chiapas vivimos esta impunidad, esta negligencia, la dilaci\u00f3n de las carpetas de nuestras hijas\u201d.<\/p>\n\n\n\n<p>Son cinco familias que integran la fundaci\u00f3n y se hacen llamar \u201cV\u00edctimas de Chiapas\u201d, pues los cr\u00edmenes ocurrieron desde hace a\u00f1os y hasta el momento no han sido esclarecidos.<\/p>\n\n\n\n<p>&#8220;Venimos los pap\u00e1s de Karlita, la mam\u00e1 de Paola y Yazm\u00edn, la mam\u00e1 de Estefan\u00eda. La de Paulina Lisset no vino porque ella es una persona grande y le cuesta mucho caminar y pues tambi\u00e9n tenemos el compa\u00f1ero Jes\u00fas. No sacamos la lona de su hijo porque lo vamos a plantar de aquel lado que es Reynaldo, un muchacho que asesinaron hace seis a\u00f1os\u201d.<\/p>\n\n\n\n<p>Su hija fue asesinada el 4 de julio de 2018 por sus compa\u00f1eros de trabajo. Ella laboraba y hac\u00eda su servicio social con el candidato a la alcald\u00eda de Tuxtla Guti\u00e9rrez, Carlos Penago Vargas.<\/p>\n\n\n\n<p>\u201cMi hija fue asesinada y yo la encontr\u00e9 el d\u00eda 4 de julio ya sin vida. Los mismos compa\u00f1eros que elaboraban con ella fueron los asesinos. Hoy tengo uno en el reclusorio con la sentencia de homicidio doloso con 11 a\u00f1os, la cual yo no estoy de acuerdo porque lo que se cometi\u00f3 con mi hija fue un feminicidio\u201d.<\/p>\n\n\n\n<p>Maricruz record\u00f3, con un nudo en la garganta, que a su hija la golpearon, la violaron y, ya agonizando, la dejaron tirada en la calle para pasarle un veh\u00edculo por encima, simulando que se trataba de un accidente vial.<\/p>\n\n\n\n<p>\u201cEso es lo que yo le he puesto y he investigado con mi familia y decirle al fiscal general del estado de Chiapas que el caso de mi hija no fue un accidente, a mi hija la asesinaron y por lo tanto es un feminicidio. El caso de mi hija lleg\u00f3 ante la Suprema Corte de Justicia de la Naci\u00f3n y donde ellos me dan la raz\u00f3n, que s\u00ed hay perspectiva de g\u00e9nero. Hoy va a la reposici\u00f3n del caso de mi hija en el estado de Chiapas\u201d, enfatiz\u00f3.<\/p>\n\n\n\n<p>La mujer enfatiz\u00f3 que en los otros casos tambi\u00e9n hay diversas anomal\u00edas en las investigaciones y por ello exigir\u00e1n justicia en el marco del 8M.<\/p>\n","protected":false},"excerpt":{"rendered":"<p>Juan Arcos Xalapa, Ver.- Familiares de v\u00edctimas de feminicidio en el estado de Chiapas realizan una caravana por varias entidades del pa\u00eds, para visibilizar la problem\u00e1tica y este mi\u00e9rcoles 6 de marzo llegaron a la ciudad de Xalapa, la capital de Veracruz. Se trata de integrantes de la \u201cFundaci\u00f3n Karla Velasco\u201d, quienes se plantaron en [&hellip;]<\/p>\n","protected":false},"author":2476,"featured_media":51526,"comment_status":"open","ping_status":"open","sticky":false,"template":"","format":"standard","meta":{"_jetpack_memberships_contains_paid_content":false,"footnotes":""},"categories":[2,12],"tags":[],"class_list":["post-51525","post","type-post","status-publish","format-standard","has-post-thumbnail","hentry","category-estado","category-nacional"],"jetpack_featured_media_url":"https:\/\/encuentroinformativo.com.mx\/wp-content\/uploads\/2024\/03\/IMG_9891.jpg","jetpack_sharing_enabled":true,"jetpack_likes_enabled":true,"amp_enabled":true,"_links":{"self":[{"href":"https:\/\/encuentroinformativo.com.mx\/index.php?rest_route=\/wp\/v2\/posts\/51525","targetHints":{"allow":["GET"]}}],"collection":[{"href":"https:\/\/encuentroinformativo.com.mx\/index.php?rest_route=\/wp\/v2\/posts"}],"about":[{"href":"https:\/\/encuentroinformativo.com.mx\/index.php?rest_route=\/wp\/v2\/types\/post"}],"author":[{"embeddable":true,"href":"https:\/\/encuentroinformativo.com.mx\/index.php?rest_route=\/wp\/v2\/users\/2476"}],"replies":[{"embeddable":true,"href":"https:\/\/encuentroinformativo.com.mx\/index.php?rest_route=%2Fwp%2Fv2%2Fcomments&post=51525"}],"version-history":[{"count":1,"href":"https:\/\/encuentroinformativo.com.mx\/index.php?rest_route=\/wp\/v2\/posts\/51525\/revisions"}],"predecessor-version":[{"id":51527,"href":"https:\/\/encuentroinformativo.com.mx\/index.php?rest_route=\/wp\/v2\/posts\/51525\/revisions\/51527"}],"wp:featuredmedia":[{"embeddable":true,"href":"https:\/\/encuentroinformativo.com.mx\/index.php?rest_route=\/wp\/v2\/media\/51526"}],"wp:attachment":[{"href":"https:\/\/encuentroinformativo.com.mx\/index.php?rest_route=%2Fwp%2Fv2%2Fmedia&parent=51525"}],"wp:term":[{"taxonomy":"category","embeddable":true,"href":"https:\/\/encuentroinformativo.com.mx\/index.php?rest_route=%2Fwp%2Fv2%2Fcategories&post=51525"},{"taxonomy":"post_tag","embeddable":true,"href":"https:\/\/encuentroinformativo.com.mx\/index.php?rest_route=%2Fwp%2Fv2%2Ftags&post=51525"}],"curies":[{"name":"wp","href":"https:\/\/api.w.org\/{rel}","templated":true}]}}