{"id":51537,"date":"2024-03-06T14:24:06","date_gmt":"2024-03-06T20:24:06","guid":{"rendered":"https:\/\/encuentroinformativo.com.mx\/?p=51537"},"modified":"2024-03-06T14:24:12","modified_gmt":"2024-03-06T20:24:12","slug":"ppl-sin-sentencia-condenatoria-tienen-derecho-a-votar-senala-ex-subprocurador","status":"publish","type":"post","link":"https:\/\/encuentroinformativo.com.mx\/?p=51537","title":{"rendered":"PPL sin sentencia condenatoria tienen derecho a votar, se\u00f1ala Ex subprocurador"},"content":{"rendered":"\n<p><strong>Dar\u00edo Pale <\/strong><\/p>\n\n\n\n<p>Xalapa, Ver.- La Sala Superior el Tribunal Electoral del Poder Judicial de la Federaci\u00f3n (TEPJF), establece que\u00a0 las personas en prisi\u00f3n sin sentencia condenatoria tienen derecho a votar porque se encuentran amparadas bajo la presunci\u00f3n de inocencia, as\u00ed lo dio a conocer el exSubprocurador de Justicia, Jorge Yunis Manzanares.<\/p>\n\n\n\n<p>De ah\u00ed que la\u00a0 sentencia del TEPJF ordena al INE la implementaci\u00f3n de una prueba, a fin de garantizar el derecho a votar de las personas en prisi\u00f3n preventiva en las elecciones de 2024.\u00a0<\/p>\n\n\n\n<p>El ex Subprocurador de Justicia, explic\u00f3 que en plenitud de atribuciones, la autoridad electoral deber\u00e1 establecer c\u00f3mo, cu\u00e1ndo y d\u00f3nde se ejercer\u00e1 el derecho al voto en estos casos.\u00a0<\/p>\n\n\n\n<p>Dos experiencias del INE pueden ser relevantes para definir el modelo de voto para personas privadas de su libertad sin condena: &#8220;El voto postal que emiten los mexicanos residentes en el extranjero desde las elecciones presidenciales de 2006 y la prueba piloto de casillas especiales para el voto de personas hospitalizadas, familiares o personas a su cuidado y personal de guardia desarrollada en 2018&#8221;.<\/p>\n\n\n\n<p>Por \u00faltimo hay que recordar que el gobernador Cuitl\u00e1huac Garc\u00eda Jim\u00e9nez, anunci\u00f3 que no firmar\u00e1 el convenio de colaboraci\u00f3n con el INE para que 4 mil 500 personas en prisi\u00f3n preventiva puedan ejercer su sufragio para el proceso del 2 de junio.<\/p>\n","protected":false},"excerpt":{"rendered":"<p>Dar\u00edo Pale Xalapa, Ver.- La Sala Superior el Tribunal Electoral del Poder Judicial de la Federaci\u00f3n (TEPJF), establece que\u00a0 las personas en prisi\u00f3n sin sentencia condenatoria tienen derecho a votar porque se encuentran amparadas bajo la presunci\u00f3n de inocencia, as\u00ed lo dio a conocer el exSubprocurador de Justicia, Jorge Yunis Manzanares. De ah\u00ed que la\u00a0 [&hellip;]<\/p>\n","protected":false},"author":2476,"featured_media":51538,"comment_status":"open","ping_status":"open","sticky":false,"template":"","format":"standard","meta":{"_jetpack_memberships_contains_paid_content":false,"footnotes":""},"categories":[2],"tags":[],"class_list":["post-51537","post","type-post","status-publish","format-standard","has-post-thumbnail","hentry","category-estado"],"jetpack_featured_media_url":"https:\/\/encuentroinformativo.com.mx\/wp-content\/uploads\/2024\/03\/IMG-20240306-WA0039.jpg","jetpack_sharing_enabled":true,"jetpack_likes_enabled":true,"amp_enabled":true,"_links":{"self":[{"href":"https:\/\/encuentroinformativo.com.mx\/index.php?rest_route=\/wp\/v2\/posts\/51537","targetHints":{"allow":["GET"]}}],"collection":[{"href":"https:\/\/encuentroinformativo.com.mx\/index.php?rest_route=\/wp\/v2\/posts"}],"about":[{"href":"https:\/\/encuentroinformativo.com.mx\/index.php?rest_route=\/wp\/v2\/types\/post"}],"author":[{"embeddable":true,"href":"https:\/\/encuentroinformativo.com.mx\/index.php?rest_route=\/wp\/v2\/users\/2476"}],"replies":[{"embeddable":true,"href":"https:\/\/encuentroinformativo.com.mx\/index.php?rest_route=%2Fwp%2Fv2%2Fcomments&post=51537"}],"version-history":[{"count":1,"href":"https:\/\/encuentroinformativo.com.mx\/index.php?rest_route=\/wp\/v2\/posts\/51537\/revisions"}],"predecessor-version":[{"id":51539,"href":"https:\/\/encuentroinformativo.com.mx\/index.php?rest_route=\/wp\/v2\/posts\/51537\/revisions\/51539"}],"wp:featuredmedia":[{"embeddable":true,"href":"https:\/\/encuentroinformativo.com.mx\/index.php?rest_route=\/wp\/v2\/media\/51538"}],"wp:attachment":[{"href":"https:\/\/encuentroinformativo.com.mx\/index.php?rest_route=%2Fwp%2Fv2%2Fmedia&parent=51537"}],"wp:term":[{"taxonomy":"category","embeddable":true,"href":"https:\/\/encuentroinformativo.com.mx\/index.php?rest_route=%2Fwp%2Fv2%2Fcategories&post=51537"},{"taxonomy":"post_tag","embeddable":true,"href":"https:\/\/encuentroinformativo.com.mx\/index.php?rest_route=%2Fwp%2Fv2%2Ftags&post=51537"}],"curies":[{"name":"wp","href":"https:\/\/api.w.org\/{rel}","templated":true}]}}