{"id":51540,"date":"2024-03-06T14:27:38","date_gmt":"2024-03-06T20:27:38","guid":{"rendered":"https:\/\/encuentroinformativo.com.mx\/?p=51540"},"modified":"2024-03-06T14:27:44","modified_gmt":"2024-03-06T20:27:44","slug":"me-mandaron-a-empujar-la-campana-manuel-huerta","status":"publish","type":"post","link":"https:\/\/encuentroinformativo.com.mx\/?p=51540","title":{"rendered":"Me mandaron a empujar la campa\u00f1a: Manuel Huerta"},"content":{"rendered":"\n<p><strong>Alejandro \u00c1vila<\/strong><\/p>\n\n\n\n<p>Veracruz, Ver.- Manuel Huerta Ladr\u00f3n de Guevara, candidato a la segunda f\u00f3rmula del Senado por Morena, dijo que ya no perder\u00e1 el tiempo en situaciones externas y se dedicar\u00e1 de lleno a trabajar, pues est\u00e1 consciente de que el partido lo mand\u00f3 a empujar la campa\u00f1a para ganar la elecci\u00f3n.<\/p>\n\n\n\n<p>&#8220;Yo ya tom\u00e9 la decisi\u00f3n de no perder el tiempo, ya me qued\u00f3 claro que el partido tom\u00f3 una decisi\u00f3n mandarme a empujar&#8221;.<\/p>\n\n\n\n<p>Sobre la decisi\u00f3n que tomo el partido Morena de bajarlo a la segunda f\u00f3rmula a la Senadur\u00eda y colocar a Claudia Tello, dijo que siempre ha respetado los principios del mismo.<\/p>\n\n\n\n<p>En ese sentido, Manuel Huerta asegur\u00f3 que durante cerca de 30 a\u00f1os se ha caracterizado por la lucha, el trabajo y esfuerzo, por lo que no le afectar\u00e1 la situaci\u00f3n pol\u00edtica que se vive al interior de Morena.<\/p>\n\n\n\n<p>&#8220;El partido nacional ha tomado la decisi\u00f3n y yo me he dado siempre ha a cumplir los principios del partido, a respetar a las mujeres que vayan por delante en su momento con Roc\u00edo, ahora con Claudia&#8221;, sostuvo.<\/p>\n\n\n\n<p>Manuel Huerta Ladr\u00f3n de Guevara, afirm\u00f3 que seguir\u00e1 refrendado su compromiso y el compromiso de Morena con el pueblo.<\/p>\n","protected":false},"excerpt":{"rendered":"<p>Alejandro \u00c1vila Veracruz, Ver.- Manuel Huerta Ladr\u00f3n de Guevara, candidato a la segunda f\u00f3rmula del Senado por Morena, dijo que ya no perder\u00e1 el tiempo en situaciones externas y se dedicar\u00e1 de lleno a trabajar, pues est\u00e1 consciente de que el partido lo mand\u00f3 a empujar la campa\u00f1a para ganar la elecci\u00f3n. &#8220;Yo ya tom\u00e9 [&hellip;]<\/p>\n","protected":false},"author":2476,"featured_media":51541,"comment_status":"open","ping_status":"open","sticky":false,"template":"","format":"standard","meta":{"_jetpack_memberships_contains_paid_content":false,"footnotes":""},"categories":[2],"tags":[],"class_list":["post-51540","post","type-post","status-publish","format-standard","has-post-thumbnail","hentry","category-estado"],"jetpack_featured_media_url":"https:\/\/encuentroinformativo.com.mx\/wp-content\/uploads\/2024\/03\/IMG-20240306-WA0049.jpg","jetpack_sharing_enabled":true,"jetpack_likes_enabled":true,"amp_enabled":true,"_links":{"self":[{"href":"https:\/\/encuentroinformativo.com.mx\/index.php?rest_route=\/wp\/v2\/posts\/51540","targetHints":{"allow":["GET"]}}],"collection":[{"href":"https:\/\/encuentroinformativo.com.mx\/index.php?rest_route=\/wp\/v2\/posts"}],"about":[{"href":"https:\/\/encuentroinformativo.com.mx\/index.php?rest_route=\/wp\/v2\/types\/post"}],"author":[{"embeddable":true,"href":"https:\/\/encuentroinformativo.com.mx\/index.php?rest_route=\/wp\/v2\/users\/2476"}],"replies":[{"embeddable":true,"href":"https:\/\/encuentroinformativo.com.mx\/index.php?rest_route=%2Fwp%2Fv2%2Fcomments&post=51540"}],"version-history":[{"count":1,"href":"https:\/\/encuentroinformativo.com.mx\/index.php?rest_route=\/wp\/v2\/posts\/51540\/revisions"}],"predecessor-version":[{"id":51542,"href":"https:\/\/encuentroinformativo.com.mx\/index.php?rest_route=\/wp\/v2\/posts\/51540\/revisions\/51542"}],"wp:featuredmedia":[{"embeddable":true,"href":"https:\/\/encuentroinformativo.com.mx\/index.php?rest_route=\/wp\/v2\/media\/51541"}],"wp:attachment":[{"href":"https:\/\/encuentroinformativo.com.mx\/index.php?rest_route=%2Fwp%2Fv2%2Fmedia&parent=51540"}],"wp:term":[{"taxonomy":"category","embeddable":true,"href":"https:\/\/encuentroinformativo.com.mx\/index.php?rest_route=%2Fwp%2Fv2%2Fcategories&post=51540"},{"taxonomy":"post_tag","embeddable":true,"href":"https:\/\/encuentroinformativo.com.mx\/index.php?rest_route=%2Fwp%2Fv2%2Ftags&post=51540"}],"curies":[{"name":"wp","href":"https:\/\/api.w.org\/{rel}","templated":true}]}}