{"id":51552,"date":"2024-03-06T15:18:19","date_gmt":"2024-03-06T21:18:19","guid":{"rendered":"https:\/\/encuentroinformativo.com.mx\/?p=51552"},"modified":"2024-03-06T15:18:25","modified_gmt":"2024-03-06T21:18:25","slug":"impulsa-ople-defensa-de-derechos-politico-electorales-de-mujeres","status":"publish","type":"post","link":"https:\/\/encuentroinformativo.com.mx\/?p=51552","title":{"rendered":"Impulsa OPLE defensa de derechos pol\u00edtico -electorales de mujeres"},"content":{"rendered":"\n<p><strong>Dar\u00edo Pale <\/strong><\/p>\n\n\n\n<p>Xalapa, Ver.- La consejera del Organismo P\u00fablico Local Electoral (OPLE) y presidenta de la Comisi\u00f3n de Quejas de Denuncias del organismo, Matty Lezama Mart\u00ednez dio a conocer que cuentan con un grupo multidisciplinario de atenci\u00f3n a las mujeres para la defensa de sus derechos pol\u00edtico-electorales y protegerlas ante alguna violaci\u00f3n a estos.<\/p>\n\n\n\n<p>En ese sentido record\u00f3 que en lo que va del a\u00f1o se han recibido 5 quejas por posible comisi\u00f3n de violencia pol\u00edtica en contra de mujeres por raz\u00f3n de g\u00e9nero.<\/p>\n\n\n\n<p>\u201cHay que recordar que son las instancias jurisdiccionales quienes determinan si se acreditan o no este tipo de violencia\u201d, se\u00f1al\u00f3.<\/p>\n\n\n\n<p>Sin embargo, enfatiz\u00f3 que, como \u00f3rgano administrativo, \u201cnos damos a la tarea de implementar este tipo de acciones y mecanismos que permiten que todas aquellas mujeres que sientan que sus derechos han sido vulnerados por este tipo de violencia, una vez que presenten la queja, pueden consentir que este grupo multidisciplinario las contacte, para dar seguimiento a los casos\u201d.<\/p>\n\n\n\n<p>Enfatiz\u00f3 para otorgar atenci\u00f3n integral el grupo multidisciplinario est\u00e1 conformado por diversos perfiles de profesionales, \u201ces decir, hay una licenciada en Derecho, una polit\u00f3loga, una trabajadora social y una psic\u00f3loga; esto para dar atenci\u00f3n integral\u201d.\u00a0\u00a0<\/p>\n\n\n\n<p>Afirm\u00f3 que el OPLE Veracruz impulsa con gran inter\u00e9s mecanismos de informaci\u00f3n a este sector de la poblaci\u00f3n para la defensa de sus derechos pol\u00edticos-electorales.<\/p>\n\n\n\n<p>&#8220;Tenemos un protocolo para atender posibles casos de violencia pol\u00edtica en raz\u00f3n de g\u00e9nero y sobre todo tambi\u00e9n dar a conocer el grupo multidisciplinario con el cual cuenta este organismo\u201d, coment\u00f3.<\/p>\n\n\n\n<p>En tanto, sostuvo, se busca proteger a las mujeres activas en el sector pol\u00edtico y asesorarlas para dar el cauce que sea pertinente.<\/p>\n\n\n\n<p>Finalmente coment\u00f3 que este mi\u00e9rcoles en el marco de la pr\u00f3xima conmemoraci\u00f3n del D\u00eda Internacional de la Mujer se realiz\u00f3 una pl\u00e1tica informativa respecto al mecanismo de operaci\u00f3n de dicho protocolo.<\/p>\n","protected":false},"excerpt":{"rendered":"<p>Dar\u00edo Pale Xalapa, Ver.- La consejera del Organismo P\u00fablico Local Electoral (OPLE) y presidenta de la Comisi\u00f3n de Quejas de Denuncias del organismo, Matty Lezama Mart\u00ednez dio a conocer que cuentan con un grupo multidisciplinario de atenci\u00f3n a las mujeres para la defensa de sus derechos pol\u00edtico-electorales y protegerlas ante alguna violaci\u00f3n a estos. En [&hellip;]<\/p>\n","protected":false},"author":2476,"featured_media":51553,"comment_status":"open","ping_status":"open","sticky":false,"template":"","format":"standard","meta":{"_jetpack_memberships_contains_paid_content":false,"footnotes":""},"categories":[2],"tags":[],"class_list":["post-51552","post","type-post","status-publish","format-standard","has-post-thumbnail","hentry","category-estado"],"jetpack_featured_media_url":"https:\/\/encuentroinformativo.com.mx\/wp-content\/uploads\/2024\/03\/IMG-20240306-WA0042.jpg","jetpack_sharing_enabled":true,"jetpack_likes_enabled":true,"amp_enabled":true,"_links":{"self":[{"href":"https:\/\/encuentroinformativo.com.mx\/index.php?rest_route=\/wp\/v2\/posts\/51552","targetHints":{"allow":["GET"]}}],"collection":[{"href":"https:\/\/encuentroinformativo.com.mx\/index.php?rest_route=\/wp\/v2\/posts"}],"about":[{"href":"https:\/\/encuentroinformativo.com.mx\/index.php?rest_route=\/wp\/v2\/types\/post"}],"author":[{"embeddable":true,"href":"https:\/\/encuentroinformativo.com.mx\/index.php?rest_route=\/wp\/v2\/users\/2476"}],"replies":[{"embeddable":true,"href":"https:\/\/encuentroinformativo.com.mx\/index.php?rest_route=%2Fwp%2Fv2%2Fcomments&post=51552"}],"version-history":[{"count":1,"href":"https:\/\/encuentroinformativo.com.mx\/index.php?rest_route=\/wp\/v2\/posts\/51552\/revisions"}],"predecessor-version":[{"id":51554,"href":"https:\/\/encuentroinformativo.com.mx\/index.php?rest_route=\/wp\/v2\/posts\/51552\/revisions\/51554"}],"wp:featuredmedia":[{"embeddable":true,"href":"https:\/\/encuentroinformativo.com.mx\/index.php?rest_route=\/wp\/v2\/media\/51553"}],"wp:attachment":[{"href":"https:\/\/encuentroinformativo.com.mx\/index.php?rest_route=%2Fwp%2Fv2%2Fmedia&parent=51552"}],"wp:term":[{"taxonomy":"category","embeddable":true,"href":"https:\/\/encuentroinformativo.com.mx\/index.php?rest_route=%2Fwp%2Fv2%2Fcategories&post=51552"},{"taxonomy":"post_tag","embeddable":true,"href":"https:\/\/encuentroinformativo.com.mx\/index.php?rest_route=%2Fwp%2Fv2%2Ftags&post=51552"}],"curies":[{"name":"wp","href":"https:\/\/api.w.org\/{rel}","templated":true}]}}