{"id":51558,"date":"2024-03-06T16:16:10","date_gmt":"2024-03-06T22:16:10","guid":{"rendered":"https:\/\/encuentroinformativo.com.mx\/?p=51558"},"modified":"2024-03-06T16:16:15","modified_gmt":"2024-03-06T22:16:15","slug":"vientos-de-cambio-en-xalapa","status":"publish","type":"post","link":"https:\/\/encuentroinformativo.com.mx\/?p=51558","title":{"rendered":"Vientos de cambio en Xalapa"},"content":{"rendered":"\n<p>Xalapa, Ver..- Ciudadanos y profesionistas preocupados por el futuro de la ciudad, Veracruz y de M\u00e9xico, en reuni\u00f3n con el candidato a diputado federal por Xalapa, Am\u00e9rico Z\u00fa\u00f1iga Mart\u00ednez, plantearon que se debe evaluar lo que las actuales autoridades y legisladores hacen o no por el pueblo, por lo que debe haber vientos de cambio.<\/p>\n\n\n\n<p>Amigos de Am\u00e9rico, junto con Eliseo Islas Chagoya, expusieron que actualmente en la C\u00e1mara de Diputados se pretende hacer leyes a modo, lo que resulta perjudicial para la poblaci\u00f3n.<\/p>\n\n\n\n<p>Asimismo, criticaron el uso discrecional de los programas sociales con el objetivo de comprar conciencias y votos.<\/p>\n\n\n\n<p>Pero, adem\u00e1s, fustigaron la devoluci\u00f3n de recursos a la Tesorer\u00eda de la Federaci\u00f3n por incurrir en subejercicios, en lugar de aplicar el dinero en obras prioritarias para la poblaci\u00f3n veracruzana y sobre todo la xalape\u00f1a.<\/p>\n\n\n\n<p>De manera que urgieron a generar vientos cambio en donde se hacen las leyes, en el Congreso de la Uni\u00f3n y, particularmente, en la representaci\u00f3n de Xalapa.<\/p>\n\n\n\n<p>En la reuni\u00f3n, se reconoci\u00f3 la sensibilidad del abanderado de la coalici\u00f3n &#8220;Fuerza y Coraz\u00f3n por Veracruz&#8221; al recordar que cuando fue alcalde, rescat\u00f3 a los caballos que eran usados para carretas que recolectaban desechos s\u00f3lidos urbanos.<\/p>\n\n\n\n<p>Por ello, tambi\u00e9n le pidieron que no olvide y atienda a las asociaciones que trabajan por la protecci\u00f3n y el bienestar animal.<\/p>\n\n\n\n<p>Por su parte, Am\u00e9rico Z\u00fa\u00f1iga Mart\u00ednez manifest\u00f3 que se debe evitar una regresi\u00f3n al centralismo y atender de manera prioritaria varios rubros como la seguridad y la educaci\u00f3n, ya que destac\u00f3 que quiere y cree en el sistema educativo.<\/p>\n\n\n\n<p>El abanderado dijo que los pensamientos y doctrinas que actualmente existen deben dejarse de lado, sobre todo, en el Congreso de la Uni\u00f3n.<\/p>\n\n\n\n<p>Am\u00e9rico Z\u00fa\u00f1iga, acompa\u00f1ado en todo momento por su compa\u00f1ero de f\u00f3rmula, Rom\u00e1n Moreno, se pronunci\u00f3 por mantener los programas sociales, pero, precis\u00f3 que deben aplicarse con otras acciones para impulsar m\u00e1s a los sectores que los reciben.<\/p>\n","protected":false},"excerpt":{"rendered":"<p>Xalapa, Ver..- Ciudadanos y profesionistas preocupados por el futuro de la ciudad, Veracruz y de M\u00e9xico, en reuni\u00f3n con el candidato a diputado federal por Xalapa, Am\u00e9rico Z\u00fa\u00f1iga Mart\u00ednez, plantearon que se debe evaluar lo que las actuales autoridades y legisladores hacen o no por el pueblo, por lo que debe haber vientos de cambio. [&hellip;]<\/p>\n","protected":false},"author":2476,"featured_media":51559,"comment_status":"open","ping_status":"open","sticky":false,"template":"","format":"standard","meta":{"_jetpack_memberships_contains_paid_content":false,"footnotes":""},"categories":[3],"tags":[],"class_list":["post-51558","post","type-post","status-publish","format-standard","has-post-thumbnail","hentry","category-xalapa"],"jetpack_featured_media_url":"https:\/\/encuentroinformativo.com.mx\/wp-content\/uploads\/2024\/03\/IMG-20240306-WA00222-scaled.jpg","jetpack_sharing_enabled":true,"jetpack_likes_enabled":true,"amp_enabled":true,"_links":{"self":[{"href":"https:\/\/encuentroinformativo.com.mx\/index.php?rest_route=\/wp\/v2\/posts\/51558","targetHints":{"allow":["GET"]}}],"collection":[{"href":"https:\/\/encuentroinformativo.com.mx\/index.php?rest_route=\/wp\/v2\/posts"}],"about":[{"href":"https:\/\/encuentroinformativo.com.mx\/index.php?rest_route=\/wp\/v2\/types\/post"}],"author":[{"embeddable":true,"href":"https:\/\/encuentroinformativo.com.mx\/index.php?rest_route=\/wp\/v2\/users\/2476"}],"replies":[{"embeddable":true,"href":"https:\/\/encuentroinformativo.com.mx\/index.php?rest_route=%2Fwp%2Fv2%2Fcomments&post=51558"}],"version-history":[{"count":1,"href":"https:\/\/encuentroinformativo.com.mx\/index.php?rest_route=\/wp\/v2\/posts\/51558\/revisions"}],"predecessor-version":[{"id":51560,"href":"https:\/\/encuentroinformativo.com.mx\/index.php?rest_route=\/wp\/v2\/posts\/51558\/revisions\/51560"}],"wp:featuredmedia":[{"embeddable":true,"href":"https:\/\/encuentroinformativo.com.mx\/index.php?rest_route=\/wp\/v2\/media\/51559"}],"wp:attachment":[{"href":"https:\/\/encuentroinformativo.com.mx\/index.php?rest_route=%2Fwp%2Fv2%2Fmedia&parent=51558"}],"wp:term":[{"taxonomy":"category","embeddable":true,"href":"https:\/\/encuentroinformativo.com.mx\/index.php?rest_route=%2Fwp%2Fv2%2Fcategories&post=51558"},{"taxonomy":"post_tag","embeddable":true,"href":"https:\/\/encuentroinformativo.com.mx\/index.php?rest_route=%2Fwp%2Fv2%2Ftags&post=51558"}],"curies":[{"name":"wp","href":"https:\/\/api.w.org\/{rel}","templated":true}]}}