{"id":51561,"date":"2024-03-06T16:20:59","date_gmt":"2024-03-06T22:20:59","guid":{"rendered":"https:\/\/encuentroinformativo.com.mx\/?p=51561"},"modified":"2024-03-06T16:21:04","modified_gmt":"2024-03-06T22:21:04","slug":"de-puebla-asaltantes-de-joyeria-que-provocaron-balacera-en-plaza-americas-de-boca-del-rio","status":"publish","type":"post","link":"https:\/\/encuentroinformativo.com.mx\/?p=51561","title":{"rendered":"De Puebla asaltantes de joyer\u00eda que provocaron balacera en Plaza Am\u00e9ricas de Boca del R\u00edo"},"content":{"rendered":"\n<p><strong>Alejandro \u00c1vila<\/strong><\/p>\n\n\n\n<p>Boca del R\u00edo, Ver.- Originarios del estado de Puebla fueron son los asaltantes de una joyer\u00eda al interior de Plaza Am\u00e9ricas de Boca del R\u00edo.<\/p>\n\n\n\n<p>Momentos de tensi\u00f3n vivieron trabajadores y visitantes del centro comercial Las Am\u00e9ricas, quienes escucharon detonaciones al interior de la plaza por lo que se tiraron al piso y algunos otros corrieron para evacuar el lugar.<\/p>\n\n\n\n<p>Alrededor de las 14 horas se ejecut\u00f3 un asalto a una joyer\u00eda ubicada en el segundo piso del centro comercial Plaza Am\u00e9ricas; dos de los presuntos asaltantes fueron contenidos por un Comando de la Secretar\u00eda de Seguridad P\u00fablica que estaba encubierto y con ropa de civil.<\/p>\n\n\n\n<p>Uno de los asaltantes qued\u00f3 postrado afuera de la joyer\u00eda con heridas de bala, este fue atendido por param\u00e9dicos de los Bomberos Conurbados de Boca del R\u00edo; otro de los asaltantes fue abatido en el estacionamiento del lugar, cuando al intentar huir en una motocicleta, fue alcanzado por impactos de bala que le hicieron derrapar y morir casi al instante.<\/p>\n\n\n\n<p>En el centro comercial Las Am\u00e9ricas del lado del bulevar Adolfo Ruiz Cortines se mont\u00f3 un operativo encabezado por la Polic\u00eda Naval y en coordinaci\u00f3n con la Fuerza Civil y Polic\u00eda Estatal, quienes acordonaron el \u00e1rea y esperaron a los peritos de la Polic\u00eda Ministerial para posteriormente hacer el levantamiento de los cuerpos.<\/p>\n\n\n\n<p>Hasta el momento ninguna autoridad ha brindado un informe oficial de lo sucedido la tarde de este mi\u00e9rcoles en Plaza Am\u00e9ricas del municipio Boca del R\u00edo.<\/p>\n\n\n\n<figure class=\"wp-block-image size-large\"><img loading=\"lazy\" decoding=\"async\" width=\"768\" height=\"653\" src=\"https:\/\/encuentroinformativo.com.mx\/wp-content\/uploads\/2024\/03\/IMG-20240306-WA0058.jpg\" alt=\"\" class=\"wp-image-51563\" srcset=\"https:\/\/encuentroinformativo.com.mx\/wp-content\/uploads\/2024\/03\/IMG-20240306-WA0058.jpg 768w, https:\/\/encuentroinformativo.com.mx\/wp-content\/uploads\/2024\/03\/IMG-20240306-WA0058-300x255.jpg 300w\" sizes=\"auto, (max-width: 768px) 100vw, 768px\" \/><\/figure>\n","protected":false},"excerpt":{"rendered":"<p>Alejandro \u00c1vila Boca del R\u00edo, Ver.- Originarios del estado de Puebla fueron son los asaltantes de una joyer\u00eda al interior de Plaza Am\u00e9ricas de Boca del R\u00edo. Momentos de tensi\u00f3n vivieron trabajadores y visitantes del centro comercial Las Am\u00e9ricas, quienes escucharon detonaciones al interior de la plaza por lo que se tiraron al piso y [&hellip;]<\/p>\n","protected":false},"author":2476,"featured_media":51562,"comment_status":"open","ping_status":"open","sticky":false,"template":"","format":"standard","meta":{"_jetpack_memberships_contains_paid_content":false,"footnotes":""},"categories":[2],"tags":[],"class_list":["post-51561","post","type-post","status-publish","format-standard","has-post-thumbnail","hentry","category-estado"],"jetpack_featured_media_url":"https:\/\/encuentroinformativo.com.mx\/wp-content\/uploads\/2024\/03\/IMG-20240306-WA0059.jpg","jetpack_sharing_enabled":true,"jetpack_likes_enabled":true,"amp_enabled":true,"_links":{"self":[{"href":"https:\/\/encuentroinformativo.com.mx\/index.php?rest_route=\/wp\/v2\/posts\/51561","targetHints":{"allow":["GET"]}}],"collection":[{"href":"https:\/\/encuentroinformativo.com.mx\/index.php?rest_route=\/wp\/v2\/posts"}],"about":[{"href":"https:\/\/encuentroinformativo.com.mx\/index.php?rest_route=\/wp\/v2\/types\/post"}],"author":[{"embeddable":true,"href":"https:\/\/encuentroinformativo.com.mx\/index.php?rest_route=\/wp\/v2\/users\/2476"}],"replies":[{"embeddable":true,"href":"https:\/\/encuentroinformativo.com.mx\/index.php?rest_route=%2Fwp%2Fv2%2Fcomments&post=51561"}],"version-history":[{"count":1,"href":"https:\/\/encuentroinformativo.com.mx\/index.php?rest_route=\/wp\/v2\/posts\/51561\/revisions"}],"predecessor-version":[{"id":51564,"href":"https:\/\/encuentroinformativo.com.mx\/index.php?rest_route=\/wp\/v2\/posts\/51561\/revisions\/51564"}],"wp:featuredmedia":[{"embeddable":true,"href":"https:\/\/encuentroinformativo.com.mx\/index.php?rest_route=\/wp\/v2\/media\/51562"}],"wp:attachment":[{"href":"https:\/\/encuentroinformativo.com.mx\/index.php?rest_route=%2Fwp%2Fv2%2Fmedia&parent=51561"}],"wp:term":[{"taxonomy":"category","embeddable":true,"href":"https:\/\/encuentroinformativo.com.mx\/index.php?rest_route=%2Fwp%2Fv2%2Fcategories&post=51561"},{"taxonomy":"post_tag","embeddable":true,"href":"https:\/\/encuentroinformativo.com.mx\/index.php?rest_route=%2Fwp%2Fv2%2Ftags&post=51561"}],"curies":[{"name":"wp","href":"https:\/\/api.w.org\/{rel}","templated":true}]}}