{"id":51569,"date":"2024-03-06T16:37:25","date_gmt":"2024-03-06T22:37:25","guid":{"rendered":"https:\/\/encuentroinformativo.com.mx\/?p=51569"},"modified":"2024-03-06T16:37:30","modified_gmt":"2024-03-06T22:37:30","slug":"soy-respetuoso-de-la-investidura-del-gobernador-josue-cervantes","status":"publish","type":"post","link":"https:\/\/encuentroinformativo.com.mx\/?p=51569","title":{"rendered":"Soy respetuoso de la investidura del Gobernador: Josu\u00e9 Cervantes"},"content":{"rendered":"\n<p><strong>Dar\u00edo Pale <\/strong><\/p>\n\n\n\n<p>Xalapa, Ver.- Ya no podr\u00e1n votar este 2 de junio, cuatro mil 500 Personas Privadas de Libertad (PPL), as\u00ed lo dio a conocer el vocal Ejecutivo del Instituto Nacional Electoral (INE) en Veracruz, Josu\u00e9 Cervantes Mart\u00ednez, y descart\u00f3 responder al gobernador Cuitl\u00e1huac Garc\u00eda Jim\u00e9nez, tras acusarlo de ma\u00f1oso y caprichoso.<\/p>\n\n\n\n<p>En entrevista dej\u00f3 en claro su respeto total a la investidura del mandatario estatal, por lo que descart\u00f3 declarar\u00a0 sobre el voto en los penales estatales.<\/p>\n\n\n\n<p>\u201cSoy respetuoso de la investidura del se\u00f1or gobernador, el INE respeta su marco de actuaci\u00f3n. No har\u00e9 m\u00e1s pronunciamientos\u201d, se\u00f1al\u00f3.<\/p>\n\n\n\n<p>Cabe recordar que el pasado martes, en conferencia de prensa, el gobernador Cuitl\u00e1huac Garc\u00eda Jim\u00e9nez, dej\u00f3 en claro que no firmar\u00e1 el convenio con el INE para que 4 mil 500 personas en prisi\u00f3n preventiva voten para la elecci\u00f3n del 2 de junio al tiempo de calificar al vocal Josu\u00e9 Cervantes Mart\u00ednez de &#8220;ma\u00f1oso y caprichoso&#8221;, por insistir en que se vulnere la seguridad de los penales de Veracruz.<\/p>\n","protected":false},"excerpt":{"rendered":"<p>Dar\u00edo Pale Xalapa, Ver.- Ya no podr\u00e1n votar este 2 de junio, cuatro mil 500 Personas Privadas de Libertad (PPL), as\u00ed lo dio a conocer el vocal Ejecutivo del Instituto Nacional Electoral (INE) en Veracruz, Josu\u00e9 Cervantes Mart\u00ednez, y descart\u00f3 responder al gobernador Cuitl\u00e1huac Garc\u00eda Jim\u00e9nez, tras acusarlo de ma\u00f1oso y caprichoso. En entrevista dej\u00f3 [&hellip;]<\/p>\n","protected":false},"author":2476,"featured_media":51570,"comment_status":"open","ping_status":"open","sticky":false,"template":"","format":"standard","meta":{"_jetpack_memberships_contains_paid_content":false,"footnotes":""},"categories":[2],"tags":[],"class_list":["post-51569","post","type-post","status-publish","format-standard","has-post-thumbnail","hentry","category-estado"],"jetpack_featured_media_url":"https:\/\/encuentroinformativo.com.mx\/wp-content\/uploads\/2024\/03\/IMG-20240306-WA00642.jpg","jetpack_sharing_enabled":true,"jetpack_likes_enabled":true,"amp_enabled":true,"_links":{"self":[{"href":"https:\/\/encuentroinformativo.com.mx\/index.php?rest_route=\/wp\/v2\/posts\/51569","targetHints":{"allow":["GET"]}}],"collection":[{"href":"https:\/\/encuentroinformativo.com.mx\/index.php?rest_route=\/wp\/v2\/posts"}],"about":[{"href":"https:\/\/encuentroinformativo.com.mx\/index.php?rest_route=\/wp\/v2\/types\/post"}],"author":[{"embeddable":true,"href":"https:\/\/encuentroinformativo.com.mx\/index.php?rest_route=\/wp\/v2\/users\/2476"}],"replies":[{"embeddable":true,"href":"https:\/\/encuentroinformativo.com.mx\/index.php?rest_route=%2Fwp%2Fv2%2Fcomments&post=51569"}],"version-history":[{"count":1,"href":"https:\/\/encuentroinformativo.com.mx\/index.php?rest_route=\/wp\/v2\/posts\/51569\/revisions"}],"predecessor-version":[{"id":51571,"href":"https:\/\/encuentroinformativo.com.mx\/index.php?rest_route=\/wp\/v2\/posts\/51569\/revisions\/51571"}],"wp:featuredmedia":[{"embeddable":true,"href":"https:\/\/encuentroinformativo.com.mx\/index.php?rest_route=\/wp\/v2\/media\/51570"}],"wp:attachment":[{"href":"https:\/\/encuentroinformativo.com.mx\/index.php?rest_route=%2Fwp%2Fv2%2Fmedia&parent=51569"}],"wp:term":[{"taxonomy":"category","embeddable":true,"href":"https:\/\/encuentroinformativo.com.mx\/index.php?rest_route=%2Fwp%2Fv2%2Fcategories&post=51569"},{"taxonomy":"post_tag","embeddable":true,"href":"https:\/\/encuentroinformativo.com.mx\/index.php?rest_route=%2Fwp%2Fv2%2Ftags&post=51569"}],"curies":[{"name":"wp","href":"https:\/\/api.w.org\/{rel}","templated":true}]}}