{"id":51575,"date":"2024-03-06T21:26:34","date_gmt":"2024-03-07T03:26:34","guid":{"rendered":"https:\/\/encuentroinformativo.com.mx\/?p=51575"},"modified":"2024-03-06T21:26:39","modified_gmt":"2024-03-07T03:26:39","slug":"familiares-marchan-por-allyson-ortigoza-desaparecio-en-xalapa","status":"publish","type":"post","link":"https:\/\/encuentroinformativo.com.mx\/?p=51575","title":{"rendered":"Familiares marchan por Allyson Ortigoza, desapareci\u00f3 en Xalapa"},"content":{"rendered":"\n<p><strong>Dar\u00edo Pale\/Juan Arcos <\/strong><\/p>\n\n\n\n<p>Xalapa, Ver.- Esta tarde, familiares y amigos de Bibian Allyson Ortigoza Mora, menor que se encuentra desaparecida desde el 4 de marzo; salieron en una marcha del Teatro del Estado con rumbo a la plaza Lerdo, para pronunciarse por estos hechos.<\/p>\n\n\n\n<p>Las personas se concentraron en las inmediaciones del Teatro del Estado \u201cGeneral Ignacio de la Llave\u201d y marcharon hacia Palacio de Gobierno, para pedir el apoyo de las autoridades.<\/p>\n\n\n\n<p>Su madre Rosalva Viviana Mora Luna cont\u00f3 que su hija le envi\u00f3 un mensaje v\u00eda WhatsApp a las 11:35 horas para informarle que hab\u00eda salido del plantel educativo, ubicado en la zona universitaria, a unos pasos de la avenida Circuito Presidentes, y que ya iba rumbo a casa.<\/p>\n\n\n\n<p>Desde ese mensaje, Viv\u00edan no volvi\u00f3 a tener comunicaci\u00f3n con su mam\u00e1, ni su pap\u00e1 que se encontraba de viaje, por lo que interpusieron una denuncia para reportar su no localizaci\u00f3n.<\/p>\n\n\n\n<p>Tambi\u00e9n detall\u00f3 que de esa \u00faltima conversaci\u00f3n hablaron sobre una imagen que recibi\u00f3 y que necesitaba imprimir, agregando que la quer\u00eda mucho.<\/p>\n\n\n\n<p>Asimismo, dijo que la comunicaci\u00f3n con ella se dio de manera normal antes de su desaparici\u00f3n y fue alrededor las 11:35 horas.\u00a0<\/p>\n\n\n\n<p>\u201cYo la llevo todos los d\u00edas a la entrada y va por ella el transporte escolar pero desafortunadamente el transporte ya no la localiz\u00f3 a la hora que sali\u00f3\u201d, acot\u00f3.\u00a0<\/p>\n\n\n\n<p>Agreg\u00f3 que incluso las autoridades escolares se est\u00e1n sumando a la b\u00fasqueda y han dado todo el apoyo.<\/p>\n\n\n\n<p>Adem\u00e1s precis\u00f3 que la denuncia se realiz\u00f3 en tiempo y forma ante la Fiscal\u00eda General del Estado y la investigaci\u00f3n va avanzando.<\/p>\n\n\n\n<p>Sobre un mensaje que circula en redes sociales donde se\u00f1alan a otro menor de ser el responsable, asever\u00f3 que no tiene la informaci\u00f3n ni la certeza, y son las autoridades competentes quienes tienen que investigar.<\/p>\n\n\n\n<p>La madre de Bibian, envi\u00f3 un mensaje a su hija regresar, pues todos la extra\u00f1an, agregando que se trata de una ni\u00f1a buena.<\/p>\n\n\n\n<p>\u201cPido que regrese con bien, como madre todas me entienden, saben que no es una situaci\u00f3n f\u00e1cil, si me escucha y si me ve, regresa, todos te extra\u00f1amos. Si alguien sabe algo que se comunique conmigo\u201d, abund\u00f3.<\/p>\n\n\n\n<p>Finalmente, dijo que Bibian llevaba el pants de la escuela, mochila negra, tenis blancos, cabello largo, ondulado, de tez morena clara, ojos caf\u00e9s grandes y un lunar debajo del ojo derecho.<\/p>\n\n\n\n<figure class=\"wp-block-image size-large\"><img loading=\"lazy\" decoding=\"async\" width=\"1024\" height=\"576\" src=\"https:\/\/encuentroinformativo.com.mx\/wp-content\/uploads\/2024\/03\/IMG-20240306-WA0087-1024x576.jpg\" alt=\"\" class=\"wp-image-51577\" srcset=\"https:\/\/encuentroinformativo.com.mx\/wp-content\/uploads\/2024\/03\/IMG-20240306-WA0087-1024x576.jpg 1024w, https:\/\/encuentroinformativo.com.mx\/wp-content\/uploads\/2024\/03\/IMG-20240306-WA0087-300x169.jpg 300w, https:\/\/encuentroinformativo.com.mx\/wp-content\/uploads\/2024\/03\/IMG-20240306-WA0087-768x432.jpg 768w, https:\/\/encuentroinformativo.com.mx\/wp-content\/uploads\/2024\/03\/IMG-20240306-WA0087-1536x864.jpg 1536w, https:\/\/encuentroinformativo.com.mx\/wp-content\/uploads\/2024\/03\/IMG-20240306-WA0087.jpg 1599w\" sizes=\"auto, (max-width: 1024px) 100vw, 1024px\" \/><\/figure>\n","protected":false},"excerpt":{"rendered":"<p>Dar\u00edo Pale\/Juan Arcos Xalapa, Ver.- Esta tarde, familiares y amigos de Bibian Allyson Ortigoza Mora, menor que se encuentra desaparecida desde el 4 de marzo; salieron en una marcha del Teatro del Estado con rumbo a la plaza Lerdo, para pronunciarse por estos hechos. Las personas se concentraron en las inmediaciones del Teatro del Estado [&hellip;]<\/p>\n","protected":false},"author":2476,"featured_media":51576,"comment_status":"open","ping_status":"open","sticky":false,"template":"","format":"standard","meta":{"_jetpack_memberships_contains_paid_content":false,"footnotes":""},"categories":[3],"tags":[],"class_list":["post-51575","post","type-post","status-publish","format-standard","has-post-thumbnail","hentry","category-xalapa"],"jetpack_featured_media_url":"https:\/\/encuentroinformativo.com.mx\/wp-content\/uploads\/2024\/03\/c9a0c236-661c-46d4-a5f2-1dc0887ebd76.jpg","jetpack_sharing_enabled":true,"jetpack_likes_enabled":true,"amp_enabled":true,"_links":{"self":[{"href":"https:\/\/encuentroinformativo.com.mx\/index.php?rest_route=\/wp\/v2\/posts\/51575","targetHints":{"allow":["GET"]}}],"collection":[{"href":"https:\/\/encuentroinformativo.com.mx\/index.php?rest_route=\/wp\/v2\/posts"}],"about":[{"href":"https:\/\/encuentroinformativo.com.mx\/index.php?rest_route=\/wp\/v2\/types\/post"}],"author":[{"embeddable":true,"href":"https:\/\/encuentroinformativo.com.mx\/index.php?rest_route=\/wp\/v2\/users\/2476"}],"replies":[{"embeddable":true,"href":"https:\/\/encuentroinformativo.com.mx\/index.php?rest_route=%2Fwp%2Fv2%2Fcomments&post=51575"}],"version-history":[{"count":1,"href":"https:\/\/encuentroinformativo.com.mx\/index.php?rest_route=\/wp\/v2\/posts\/51575\/revisions"}],"predecessor-version":[{"id":51578,"href":"https:\/\/encuentroinformativo.com.mx\/index.php?rest_route=\/wp\/v2\/posts\/51575\/revisions\/51578"}],"wp:featuredmedia":[{"embeddable":true,"href":"https:\/\/encuentroinformativo.com.mx\/index.php?rest_route=\/wp\/v2\/media\/51576"}],"wp:attachment":[{"href":"https:\/\/encuentroinformativo.com.mx\/index.php?rest_route=%2Fwp%2Fv2%2Fmedia&parent=51575"}],"wp:term":[{"taxonomy":"category","embeddable":true,"href":"https:\/\/encuentroinformativo.com.mx\/index.php?rest_route=%2Fwp%2Fv2%2Fcategories&post=51575"},{"taxonomy":"post_tag","embeddable":true,"href":"https:\/\/encuentroinformativo.com.mx\/index.php?rest_route=%2Fwp%2Fv2%2Ftags&post=51575"}],"curies":[{"name":"wp","href":"https:\/\/api.w.org\/{rel}","templated":true}]}}