{"id":51579,"date":"2024-03-06T21:37:18","date_gmt":"2024-03-07T03:37:18","guid":{"rendered":"https:\/\/encuentroinformativo.com.mx\/?p=51579"},"modified":"2024-03-06T21:37:23","modified_gmt":"2024-03-07T03:37:23","slug":"codigo-rojo-en-alvarado-por-disparos-en-centro-de-la-ciudad","status":"publish","type":"post","link":"https:\/\/encuentroinformativo.com.mx\/?p=51579","title":{"rendered":"C\u00f3digo Rojo en Alvarado por disparos en centro de la ciudad"},"content":{"rendered":"\n<p><strong>Alejandro \u00c1vila<\/strong><\/p>\n\n\n\n<p>Alvarado, Ver.- Un C\u00f3digo Rojo se activ\u00f3 en la cabecera municipal de Alvarado tras el informe de los ciudadanos sobre una banda armada en las inmediaciones de la tienda comercial Coppel, los cuales detonaron en diversas ocasiones sus armas de fuego.<\/p>\n\n\n\n<p>Testigos se\u00f1alaron que aproximadamente ocho j\u00f3venes con garrotes y armas de fuego comenzaron a increpar a los ciudadanos y a detonar sus armas de fuego para infundar el miedo, grit\u00e1ndoles que todos se iban a morir.<\/p>\n\n\n\n<p>Los hechos iniciaron alrededor de las 19 horas en la esquina de la calle Juan Aldama y Francisco Xavier Mina.<\/p>\n\n\n\n<p>Ante este acontecimiento, los ciudadanos alertaron al n\u00famero de emergencias 911, por lo que elementos de la Guardia Nacional, Polic\u00eda Municipal y Polic\u00eda Estatal, activaron un operativo en C\u00f3digo Rojo.<\/p>\n\n\n\n<p>En grupos de <em>WhatsApp<\/em> fueron difundidos diversos audios de los ciudadanos, quienes entre l\u00e1grimas narraban los momentos de angustia y tensi\u00f3n que vivieron al pasar por la zona.<\/p>\n\n\n\n<p>Hasta el momento ninguna autoridad ha dado un parte oficial sobre si existen detenidos de este incidente que alarm\u00f3 a la ciudadan\u00eda de la cabecera municipal del municipio de Alvarado.<\/p>\n","protected":false},"excerpt":{"rendered":"<p>Alejandro \u00c1vila Alvarado, Ver.- Un C\u00f3digo Rojo se activ\u00f3 en la cabecera municipal de Alvarado tras el informe de los ciudadanos sobre una banda armada en las inmediaciones de la tienda comercial Coppel, los cuales detonaron en diversas ocasiones sus armas de fuego. Testigos se\u00f1alaron que aproximadamente ocho j\u00f3venes con garrotes y armas de fuego [&hellip;]<\/p>\n","protected":false},"author":2476,"featured_media":51580,"comment_status":"open","ping_status":"open","sticky":false,"template":"","format":"standard","meta":{"_jetpack_memberships_contains_paid_content":false,"footnotes":""},"categories":[2],"tags":[],"class_list":["post-51579","post","type-post","status-publish","format-standard","has-post-thumbnail","hentry","category-estado"],"jetpack_featured_media_url":"https:\/\/encuentroinformativo.com.mx\/wp-content\/uploads\/2024\/03\/Screenshot_20240306-213114.png","jetpack_sharing_enabled":true,"jetpack_likes_enabled":true,"amp_enabled":true,"_links":{"self":[{"href":"https:\/\/encuentroinformativo.com.mx\/index.php?rest_route=\/wp\/v2\/posts\/51579","targetHints":{"allow":["GET"]}}],"collection":[{"href":"https:\/\/encuentroinformativo.com.mx\/index.php?rest_route=\/wp\/v2\/posts"}],"about":[{"href":"https:\/\/encuentroinformativo.com.mx\/index.php?rest_route=\/wp\/v2\/types\/post"}],"author":[{"embeddable":true,"href":"https:\/\/encuentroinformativo.com.mx\/index.php?rest_route=\/wp\/v2\/users\/2476"}],"replies":[{"embeddable":true,"href":"https:\/\/encuentroinformativo.com.mx\/index.php?rest_route=%2Fwp%2Fv2%2Fcomments&post=51579"}],"version-history":[{"count":1,"href":"https:\/\/encuentroinformativo.com.mx\/index.php?rest_route=\/wp\/v2\/posts\/51579\/revisions"}],"predecessor-version":[{"id":51581,"href":"https:\/\/encuentroinformativo.com.mx\/index.php?rest_route=\/wp\/v2\/posts\/51579\/revisions\/51581"}],"wp:featuredmedia":[{"embeddable":true,"href":"https:\/\/encuentroinformativo.com.mx\/index.php?rest_route=\/wp\/v2\/media\/51580"}],"wp:attachment":[{"href":"https:\/\/encuentroinformativo.com.mx\/index.php?rest_route=%2Fwp%2Fv2%2Fmedia&parent=51579"}],"wp:term":[{"taxonomy":"category","embeddable":true,"href":"https:\/\/encuentroinformativo.com.mx\/index.php?rest_route=%2Fwp%2Fv2%2Fcategories&post=51579"},{"taxonomy":"post_tag","embeddable":true,"href":"https:\/\/encuentroinformativo.com.mx\/index.php?rest_route=%2Fwp%2Fv2%2Ftags&post=51579"}],"curies":[{"name":"wp","href":"https:\/\/api.w.org\/{rel}","templated":true}]}}