{"id":5158,"date":"2020-08-23T18:24:23","date_gmt":"2020-08-23T23:24:23","guid":{"rendered":"https:\/\/encuentroinformativo.com\/?p=5158"},"modified":"2020-08-24T21:54:48","modified_gmt":"2020-08-25T02:54:48","slug":"estoy-ocupado-en-la-agenda-legislativa-ahued","status":"publish","type":"post","link":"https:\/\/encuentroinformativo.com.mx\/?p=5158","title":{"rendered":"Estoy ocupado en la agenda legislativa: Ahued"},"content":{"rendered":"\n<p><strong>Redacci\u00f3n <\/strong><\/p>\n\n\n\n<p>Xalapa, Ver.- El senador Ricardo Ahued Bardahuil afirm\u00f3 que no se encuentra en campa\u00f1a pol\u00edtica.<\/p>\n\n\n\n<p>Motivo por el cual afirm\u00f3 que est\u00e1n equivocados quienes intentan \u201camarrar navajas\u201d.<\/p>\n\n\n\n<p>En ese sentido afirm\u00f3 que se encuentra ocupado con los temas de la agenda legislativa, tales como mantener el reclamo para que disminuyan las tarifas el\u00e9ctricas en Veracruz, as\u00ed como las modificaciones necesarias a la Ley de&nbsp;&nbsp;Disciplina Financiera para sancionar a quienes incurran en subejercicio.&nbsp;<\/p>\n\n\n\n<p>Ante ello Ahued Bardahuil reiter\u00f3 que se mantiene ocupado en sus actividades legislativas.<\/p>\n\n\n\n<p>\u201cYo no ando en campa\u00f1a, andan muy creativos hoy en d\u00eda, tiran la piedra y esconden la mano&#8230; que se busquen a otro\u201d, puntualiz\u00f3.<\/p>\n","protected":false},"excerpt":{"rendered":"<p>Redacci\u00f3n Xalapa, Ver.- El senador Ricardo Ahued Bardahuil afirm\u00f3 que no se encuentra en campa\u00f1a pol\u00edtica. Motivo por el cual afirm\u00f3 que est\u00e1n equivocados quienes intentan \u201camarrar navajas\u201d. En ese sentido afirm\u00f3 que se encuentra ocupado con los temas de la agenda legislativa, tales como mantener el reclamo para que disminuyan las tarifas el\u00e9ctricas en [&hellip;]<\/p>\n","protected":false},"author":1,"featured_media":5159,"comment_status":"open","ping_status":"open","sticky":false,"template":"","format":"standard","meta":{"_jetpack_memberships_contains_paid_content":false,"footnotes":""},"categories":[12],"tags":[],"class_list":["post-5158","post","type-post","status-publish","format-standard","has-post-thumbnail","hentry","category-nacional"],"jetpack_featured_media_url":"https:\/\/encuentroinformativo.com.mx\/wp-content\/uploads\/2020\/08\/32350D14-CE81-4C7D-9F6B-DDC6D3928430.jpeg","jetpack_sharing_enabled":true,"jetpack_likes_enabled":true,"amp_enabled":true,"_links":{"self":[{"href":"https:\/\/encuentroinformativo.com.mx\/index.php?rest_route=\/wp\/v2\/posts\/5158","targetHints":{"allow":["GET"]}}],"collection":[{"href":"https:\/\/encuentroinformativo.com.mx\/index.php?rest_route=\/wp\/v2\/posts"}],"about":[{"href":"https:\/\/encuentroinformativo.com.mx\/index.php?rest_route=\/wp\/v2\/types\/post"}],"author":[{"embeddable":true,"href":"https:\/\/encuentroinformativo.com.mx\/index.php?rest_route=\/wp\/v2\/users\/1"}],"replies":[{"embeddable":true,"href":"https:\/\/encuentroinformativo.com.mx\/index.php?rest_route=%2Fwp%2Fv2%2Fcomments&post=5158"}],"version-history":[{"count":1,"href":"https:\/\/encuentroinformativo.com.mx\/index.php?rest_route=\/wp\/v2\/posts\/5158\/revisions"}],"predecessor-version":[{"id":5160,"href":"https:\/\/encuentroinformativo.com.mx\/index.php?rest_route=\/wp\/v2\/posts\/5158\/revisions\/5160"}],"wp:featuredmedia":[{"embeddable":true,"href":"https:\/\/encuentroinformativo.com.mx\/index.php?rest_route=\/wp\/v2\/media\/5159"}],"wp:attachment":[{"href":"https:\/\/encuentroinformativo.com.mx\/index.php?rest_route=%2Fwp%2Fv2%2Fmedia&parent=5158"}],"wp:term":[{"taxonomy":"category","embeddable":true,"href":"https:\/\/encuentroinformativo.com.mx\/index.php?rest_route=%2Fwp%2Fv2%2Fcategories&post=5158"},{"taxonomy":"post_tag","embeddable":true,"href":"https:\/\/encuentroinformativo.com.mx\/index.php?rest_route=%2Fwp%2Fv2%2Ftags&post=5158"}],"curies":[{"name":"wp","href":"https:\/\/api.w.org\/{rel}","templated":true}]}}