{"id":51596,"date":"2024-03-07T12:15:26","date_gmt":"2024-03-07T18:15:26","guid":{"rendered":"https:\/\/encuentroinformativo.com.mx\/?p=51596"},"modified":"2024-03-07T12:15:31","modified_gmt":"2024-03-07T18:15:31","slug":"necesario-defender-autonomia-sara-ladron-de-guevara","status":"publish","type":"post","link":"https:\/\/encuentroinformativo.com.mx\/?p=51596","title":{"rendered":"Necesario defender autonom\u00eda: Sara Ladr\u00f3n de Guevara"},"content":{"rendered":"\n<p><strong>Dar\u00edo Pale <\/strong><\/p>\n\n\n\n<p>Xalapa, Ver.- A Morena no le gustan las autonom\u00edas, la exrectora buscar\u00e1 defender a los organismos aut\u00f3nomos y a las universidades p\u00fablicas, as\u00ed lo dio a conocer la candidata al Senado por la coalici\u00f3n \u201cFuerza y Coraz\u00f3n por Veracruz\u201d, Sara Ladr\u00f3n de Guevara.<\/p>\n\n\n\n<p>En conferencia de prensa se\u00f1al\u00f3 que ni a Morena ni al gobierno de Andr\u00e9s Manuel L\u00f3pez Obrador no le gustan las autonom\u00edas, como las autonom\u00edas universitarias.\u00a0<\/p>\n\n\n\n<p>Explic\u00f3 que no tiene por qu\u00e9 criticar a las autoridades de la Universidad Veracruzana, porque en este momento est\u00e1 buscando el voto y mal har\u00eda y hacer se\u00f1alamientos, adem\u00e1s de que esa no es su lucha ahora.\u00a0<\/p>\n\n\n\n<p>Mencion\u00f3 que como rectora de la UV trabaj\u00f3 para tener una instituci\u00f3n de calidad, porque de nada sirve que todos tengan IMSS o IMSS Bienestar si no hay medicinas, si no hay m\u00e9dicos, si no hay citas, si no hay cirug\u00edas.\u00a0<\/p>\n\n\n\n<p>A\u00f1adi\u00f3 que de nada sirve tener a los j\u00f3venes en las aulas si no se les va a dar un t\u00edtulo que sea una garant\u00eda de calidad o de nada sirve que se abran las universidades Benito Ju\u00e1rez si no van a tener aulas o maestros, ni programas educativos y, que cuando lleguen con el empleador les digan que no sirve lo que hicieron en cuatro a\u00f1os.\u00a0<\/p>\n\n\n\n<p>&#8220;Est\u00e1 en riesgo la autonom\u00eda de todas las universidades aut\u00f3nomas de este pa\u00eds. Yo soy miembro de la Junta de Gobierno de la Universidad Aut\u00f3noma de Occidente y estamos sufriendo un embate del gobierno del Estado de Sinaloa que es un gobierno morenista, brutal&#8221; coment\u00f3.<\/p>\n\n\n\n<p>&#8220;Est\u00e1n en este momento modificando la Ley Org\u00e1nica, ya van a desaparecer la Junta de Gobierno y la Universidad Aut\u00f3noma de Sinaloa se ampar\u00f3 en contra de estas medidas\u201d, agreg\u00f3.<\/p>\n\n\n\n<p>Finamente fue ah\u00ed donde expres\u00f3 que ni a Morena ni al Presidente le gustan las autonom\u00edas, por eso es que busca llegar al Senado de la Rep\u00fablica, para defender las autonom\u00edas, las de las universidades y la de los organismos aut\u00f3nomos.<\/p>\n","protected":false},"excerpt":{"rendered":"<p>Dar\u00edo Pale Xalapa, Ver.- A Morena no le gustan las autonom\u00edas, la exrectora buscar\u00e1 defender a los organismos aut\u00f3nomos y a las universidades p\u00fablicas, as\u00ed lo dio a conocer la candidata al Senado por la coalici\u00f3n \u201cFuerza y Coraz\u00f3n por Veracruz\u201d, Sara Ladr\u00f3n de Guevara. En conferencia de prensa se\u00f1al\u00f3 que ni a Morena ni [&hellip;]<\/p>\n","protected":false},"author":2476,"featured_media":51597,"comment_status":"open","ping_status":"open","sticky":false,"template":"","format":"standard","meta":{"_jetpack_memberships_contains_paid_content":false,"footnotes":""},"categories":[2],"tags":[],"class_list":["post-51596","post","type-post","status-publish","format-standard","has-post-thumbnail","hentry","category-estado"],"jetpack_featured_media_url":"https:\/\/encuentroinformativo.com.mx\/wp-content\/uploads\/2024\/03\/IMG-20240307-WA00282.jpg","jetpack_sharing_enabled":true,"jetpack_likes_enabled":true,"amp_enabled":true,"_links":{"self":[{"href":"https:\/\/encuentroinformativo.com.mx\/index.php?rest_route=\/wp\/v2\/posts\/51596","targetHints":{"allow":["GET"]}}],"collection":[{"href":"https:\/\/encuentroinformativo.com.mx\/index.php?rest_route=\/wp\/v2\/posts"}],"about":[{"href":"https:\/\/encuentroinformativo.com.mx\/index.php?rest_route=\/wp\/v2\/types\/post"}],"author":[{"embeddable":true,"href":"https:\/\/encuentroinformativo.com.mx\/index.php?rest_route=\/wp\/v2\/users\/2476"}],"replies":[{"embeddable":true,"href":"https:\/\/encuentroinformativo.com.mx\/index.php?rest_route=%2Fwp%2Fv2%2Fcomments&post=51596"}],"version-history":[{"count":1,"href":"https:\/\/encuentroinformativo.com.mx\/index.php?rest_route=\/wp\/v2\/posts\/51596\/revisions"}],"predecessor-version":[{"id":51598,"href":"https:\/\/encuentroinformativo.com.mx\/index.php?rest_route=\/wp\/v2\/posts\/51596\/revisions\/51598"}],"wp:featuredmedia":[{"embeddable":true,"href":"https:\/\/encuentroinformativo.com.mx\/index.php?rest_route=\/wp\/v2\/media\/51597"}],"wp:attachment":[{"href":"https:\/\/encuentroinformativo.com.mx\/index.php?rest_route=%2Fwp%2Fv2%2Fmedia&parent=51596"}],"wp:term":[{"taxonomy":"category","embeddable":true,"href":"https:\/\/encuentroinformativo.com.mx\/index.php?rest_route=%2Fwp%2Fv2%2Fcategories&post=51596"},{"taxonomy":"post_tag","embeddable":true,"href":"https:\/\/encuentroinformativo.com.mx\/index.php?rest_route=%2Fwp%2Fv2%2Ftags&post=51596"}],"curies":[{"name":"wp","href":"https:\/\/api.w.org\/{rel}","templated":true}]}}