{"id":516,"date":"2020-03-07T12:50:42","date_gmt":"2020-03-07T18:50:42","guid":{"rendered":"https:\/\/encuentroinformativo.com\/?p=516"},"modified":"2020-03-07T12:50:42","modified_gmt":"2020-03-07T18:50:42","slug":"anuncian-fiesta-identidades-tradicionales","status":"publish","type":"post","link":"https:\/\/encuentroinformativo.com.mx\/?p=516","title":{"rendered":"Anuncian fiesta \u201cIdentidades Tradicionales\u201d"},"content":{"rendered":"\n<p><strong>Dar\u00edo Pale <\/strong><\/p>\n\n\n\n<p>Xalapa, Ver.- Dan a conocer la realizaci\u00f3n de las fiestas de Sayula de Alem\u00e1n denominadas \u201cIdentidades tradicionales de Sayula de Alem\u00e1n 2020\u201d, donde la maestra X\u00f3chitl  Molina Gonz\u00e1lez directora general del Instituto Veracruzano de Asuntos Ind\u00edgenas fue quien invit\u00f3 a la ciudadan\u00eda a que asistan del 14 al 22 de marzo.<\/p>\n\n\n\n<p>En conferencia de prensa realizada en la sala de prensa de palacio de gobierno dio a conocer que en \u201cSayula de Alem\u00e1n tendremos el festival de identidades tradicionales 2020, es un pueblo Olmeca donde nuestro Gobierno Federal y nuestro gobierno Estatal impulsa estas nuestras tradiciones que nos dan como dice el municipio nos da identidad y cultura y muchos saberes hablar de Sayula es hablar de la lengua popoluca es hablar de un presidente de la rep\u00fablica tambi\u00e9n es hablar de la tierra Olmeca es hablar de la carne enchilada del Popo y los tamales\u201d.<\/p>\n\n\n\n<p>\u201cEste 14 al 22 de marzo los invitamos cari\u00f1osamente y cordialmente para que la ciudadan\u00eda asista y se deleite se enamore de todo lo que sabemos hacer con nuestras manos los ind\u00edgenas o los de los pueblos originarios es un pueblo hospitalario que los recibe a todos y a todas con los brazos abiertos y que mejor que contaremos con la presencia de hermanos de pueblos originarios de Morelos de Hidalgo de Oaxaca de Ciudad de M\u00e9xico de Chiapas y obviamente nuestra regi\u00f3n olmeca la interculturalidad y est\u00e1 pluriculturalidad se da en el marco precisamente del rescate de nuestra identidad cultural\u201d, agreg\u00f3.<\/p>\n\n\n\n<p>Dio a conocer que es importante demostrar a los que no son ind\u00edgenas y a los que lo son, de lo que son capaces de hacer como viven y como hablan, por lo que estos d\u00edas de fiesta sean muy buenos ya que van a demostrar sus conocimientos.<\/p>\n\n\n\n<p>\u201cAqu\u00ed est\u00e1 nuestra artista que canta que es soprano y canta en siete lenguas es de nuestra hermana est\u00e1 es hermana mixteca oaxaque\u00f1a que Oaxaca y Sayula pues est\u00e1 hermanada con el istmo es Sayula tambi\u00e9n forma parte del pueblo istme\u00f1o s\u00ed y por eso estamos tomados de la mano vinculados trabajando a favor de la promoci\u00f3n de nuestra cultura\u201d, se\u00f1al\u00f3.<\/p>\n\n\n\n<p>Por su parte el alcalde de dicho municipio Fredy Ayala Gonz\u00e1lez, dio a conocer que no solo en el Taj\u00edn es bonito pero tambi\u00e9n en Sayula de Alem\u00e1n tienen centros ceremoniales, un campo de juego de pelota de los antepasados, ah\u00ed tambi\u00e9n recibir\u00e1n el equinoccio de primavera el d\u00eda 20 de marzo como se hace en Yucat\u00e1n.<\/p>\n\n\n\n<p>Por lo que invit\u00f3 a la ciudadan\u00eda a que conozcan las tradiciones de su municipio ya que ser\u00e1 en la regi\u00f3n de San Isidro es una zona arqueol\u00f3gica de la cultura Olmeca ah\u00ed estar\u00e1n a partir de las 13:00 horas del d\u00eda 20 de marzo, el d\u00eda 21 se presentar\u00e1 la soprano Edith Ortiz quien canta en 7 lenguas originarias.<\/p>\n\n\n\n<p>Finalmente dio a conocer que durante el d\u00eda se realizar\u00e1n exposiciones culturales y gastron\u00f3micas donde dar\u00e1n a conocer lo que Sayula de Alem\u00e1n sabe hacer por medio de lo que sus ancestros les han ense\u00f1ado, ya que de ah\u00ed sali\u00f3 un presidente de la rep\u00fablica don Miguel Alem\u00e1n Vald\u00e9s y la primera presidenta municipal en Am\u00e9rica latina Gelacia Ceballos G\u00f3mez en Sayula de Aleman.<\/p>\n\n\n\n<p><\/p>\n\n\n\n<p><\/p>\n","protected":false},"excerpt":{"rendered":"<p>Dar\u00edo Pale Xalapa, Ver.- Dan a conocer la realizaci\u00f3n de las fiestas de Sayula de Alem\u00e1n denominadas \u201cIdentidades tradicionales de Sayula de Alem\u00e1n 2020\u201d, donde la maestra X\u00f3chitl Molina Gonz\u00e1lez directora general del Instituto Veracruzano de Asuntos Ind\u00edgenas fue quien invit\u00f3 a la ciudadan\u00eda a que asistan del 14 al 22 de marzo. En conferencia [&hellip;]<\/p>\n","protected":false},"author":1,"featured_media":517,"comment_status":"open","ping_status":"open","sticky":false,"template":"","format":"standard","meta":{"_jetpack_memberships_contains_paid_content":false,"footnotes":""},"categories":[3],"tags":[],"class_list":["post-516","post","type-post","status-publish","format-standard","has-post-thumbnail","hentry","category-xalapa"],"jetpack_featured_media_url":"https:\/\/encuentroinformativo.com.mx\/wp-content\/uploads\/2020\/03\/DFD6176D-DA3F-4D86-9597-CC4501F3FE7D.jpeg","jetpack_sharing_enabled":true,"jetpack_likes_enabled":true,"amp_enabled":true,"_links":{"self":[{"href":"https:\/\/encuentroinformativo.com.mx\/index.php?rest_route=\/wp\/v2\/posts\/516","targetHints":{"allow":["GET"]}}],"collection":[{"href":"https:\/\/encuentroinformativo.com.mx\/index.php?rest_route=\/wp\/v2\/posts"}],"about":[{"href":"https:\/\/encuentroinformativo.com.mx\/index.php?rest_route=\/wp\/v2\/types\/post"}],"author":[{"embeddable":true,"href":"https:\/\/encuentroinformativo.com.mx\/index.php?rest_route=\/wp\/v2\/users\/1"}],"replies":[{"embeddable":true,"href":"https:\/\/encuentroinformativo.com.mx\/index.php?rest_route=%2Fwp%2Fv2%2Fcomments&post=516"}],"version-history":[{"count":1,"href":"https:\/\/encuentroinformativo.com.mx\/index.php?rest_route=\/wp\/v2\/posts\/516\/revisions"}],"predecessor-version":[{"id":518,"href":"https:\/\/encuentroinformativo.com.mx\/index.php?rest_route=\/wp\/v2\/posts\/516\/revisions\/518"}],"wp:featuredmedia":[{"embeddable":true,"href":"https:\/\/encuentroinformativo.com.mx\/index.php?rest_route=\/wp\/v2\/media\/517"}],"wp:attachment":[{"href":"https:\/\/encuentroinformativo.com.mx\/index.php?rest_route=%2Fwp%2Fv2%2Fmedia&parent=516"}],"wp:term":[{"taxonomy":"category","embeddable":true,"href":"https:\/\/encuentroinformativo.com.mx\/index.php?rest_route=%2Fwp%2Fv2%2Fcategories&post=516"},{"taxonomy":"post_tag","embeddable":true,"href":"https:\/\/encuentroinformativo.com.mx\/index.php?rest_route=%2Fwp%2Fv2%2Ftags&post=516"}],"curies":[{"name":"wp","href":"https:\/\/api.w.org\/{rel}","templated":true}]}}