{"id":51602,"date":"2024-03-07T14:09:48","date_gmt":"2024-03-07T20:09:48","guid":{"rendered":"https:\/\/encuentroinformativo.com.mx\/?p=51602"},"modified":"2024-03-07T14:09:54","modified_gmt":"2024-03-07T20:09:54","slug":"ocupo-veracruz-tercer-lugar-en-embarazos-de-ninas-de-9-a-14-anos","status":"publish","type":"post","link":"https:\/\/encuentroinformativo.com.mx\/?p=51602","title":{"rendered":"Ocup\u00f3 Veracruz tercer lugar en embarazos de ni\u00f1as de 9 a 14 a\u00f1os"},"content":{"rendered":"\n<p><strong>Dar\u00edo Pale <\/strong><\/p>\n\n\n\n<p>Xalapa, Ver.- Veracruz ocup\u00f3 el tercer lugar en embarazos en ni\u00f1as de 9 a 14 a\u00f1os, la atenci\u00f3n de este flagelo corresponde a los tres niveles de gobierno y sociedad civil, as\u00ed lo dio a conocer la abogada integrante de Equifon\u00eda A.C., Mariveda Platax Valdivia.<\/p>\n\n\n\n<p>En conferencia de prensa dio a conocer que a nivel nacional se registraron durante el 2023 un total de 8 mil 386 nacimientos cuyas madres fueron ni\u00f1as de entre los 9 y 14 a\u00f1os de edad, en tanto Veracruz ocup\u00f3 el tercer lugar con un total de 605 nacimientos en ni\u00f1as.<\/p>\n\n\n\n<p>La activista social se\u00f1al\u00f3 que Veracruz estuvo solo por debajo de Chiapas y Estado de M\u00e9xico, &#8220;en 2023 a nivel nacional, se registr\u00f3 un nacimiento en una ni\u00f1a de 9 a\u00f1os, este fue en el municipio de Coscomatepec, Veracruz&#8221;.<\/p>\n\n\n\n<p>&#8220;La detecci\u00f3n y atenci\u00f3n de casos de ni\u00f1as v\u00edctimas de violencia sexual, con o sin diagn\u00f3stico de embarazo, es una corresponsabilidad entre las instituciones, la comunidad y las familias para reducir el da\u00f1o que les fue causado; contribuye a garantizarles una vida libre de violencia y a la restituci\u00f3n de sus derechos vulnerados&#8221;, se\u00f1al\u00f3.<\/p>\n\n\n\n<p>Desde Equifon\u00eda se busca impulsar una agenda com\u00fan con los distintos niveles de gobierno para visibilizar y atender la problem\u00e1tica del embarazo infantil.\u00a0<\/p>\n\n\n\n<p>Asimismo, se debe invertir en el nivel normativo, as\u00ed como en la capacitaci\u00f3n del personal responsable en la atenci\u00f3n de la violencia sexual.\u00a0<\/p>\n\n\n\n<p>Adem\u00e1s de invertir en campa\u00f1as de difusi\u00f3n y acciones en las que se involucre a las familias, las ni\u00f1as, ni\u00f1os y adolescentes, para identificar los factores de riesgo en esta problem\u00e1tica.\u00a0<\/p>\n\n\n\n<p>Por \u00faltimo se\u00f1al\u00f3 que, &#8220;nosotras continuaremos fortaleciendo nuestro trabajo colaborativo con municipios del estado de Veracruz, priorizando aquellos en donde se concentra el mayor n\u00famero de nacimientos en ni\u00f1as&#8221;.<\/p>\n","protected":false},"excerpt":{"rendered":"<p>Dar\u00edo Pale Xalapa, Ver.- Veracruz ocup\u00f3 el tercer lugar en embarazos en ni\u00f1as de 9 a 14 a\u00f1os, la atenci\u00f3n de este flagelo corresponde a los tres niveles de gobierno y sociedad civil, as\u00ed lo dio a conocer la abogada integrante de Equifon\u00eda A.C., Mariveda Platax Valdivia. En conferencia de prensa dio a conocer que [&hellip;]<\/p>\n","protected":false},"author":2476,"featured_media":51603,"comment_status":"open","ping_status":"open","sticky":false,"template":"","format":"standard","meta":{"_jetpack_memberships_contains_paid_content":false,"footnotes":""},"categories":[9],"tags":[],"class_list":["post-51602","post","type-post","status-publish","format-standard","has-post-thumbnail","hentry","category-salud"],"jetpack_featured_media_url":"https:\/\/encuentroinformativo.com.mx\/wp-content\/uploads\/2024\/03\/IMG-20240307-WA0079.jpg","jetpack_sharing_enabled":true,"jetpack_likes_enabled":true,"amp_enabled":true,"_links":{"self":[{"href":"https:\/\/encuentroinformativo.com.mx\/index.php?rest_route=\/wp\/v2\/posts\/51602","targetHints":{"allow":["GET"]}}],"collection":[{"href":"https:\/\/encuentroinformativo.com.mx\/index.php?rest_route=\/wp\/v2\/posts"}],"about":[{"href":"https:\/\/encuentroinformativo.com.mx\/index.php?rest_route=\/wp\/v2\/types\/post"}],"author":[{"embeddable":true,"href":"https:\/\/encuentroinformativo.com.mx\/index.php?rest_route=\/wp\/v2\/users\/2476"}],"replies":[{"embeddable":true,"href":"https:\/\/encuentroinformativo.com.mx\/index.php?rest_route=%2Fwp%2Fv2%2Fcomments&post=51602"}],"version-history":[{"count":1,"href":"https:\/\/encuentroinformativo.com.mx\/index.php?rest_route=\/wp\/v2\/posts\/51602\/revisions"}],"predecessor-version":[{"id":51604,"href":"https:\/\/encuentroinformativo.com.mx\/index.php?rest_route=\/wp\/v2\/posts\/51602\/revisions\/51604"}],"wp:featuredmedia":[{"embeddable":true,"href":"https:\/\/encuentroinformativo.com.mx\/index.php?rest_route=\/wp\/v2\/media\/51603"}],"wp:attachment":[{"href":"https:\/\/encuentroinformativo.com.mx\/index.php?rest_route=%2Fwp%2Fv2%2Fmedia&parent=51602"}],"wp:term":[{"taxonomy":"category","embeddable":true,"href":"https:\/\/encuentroinformativo.com.mx\/index.php?rest_route=%2Fwp%2Fv2%2Fcategories&post=51602"},{"taxonomy":"post_tag","embeddable":true,"href":"https:\/\/encuentroinformativo.com.mx\/index.php?rest_route=%2Fwp%2Fv2%2Ftags&post=51602"}],"curies":[{"name":"wp","href":"https:\/\/api.w.org\/{rel}","templated":true}]}}