{"id":51627,"date":"2024-03-08T09:06:52","date_gmt":"2024-03-08T15:06:52","guid":{"rendered":"https:\/\/encuentroinformativo.com.mx\/?p=51627"},"modified":"2024-03-08T09:06:57","modified_gmt":"2024-03-08T15:06:57","slug":"la-revancha-de-chiquiyunes","status":"publish","type":"post","link":"https:\/\/encuentroinformativo.com.mx\/?p=51627","title":{"rendered":"LA REVANCHA DE CHIQUIYUNES"},"content":{"rendered":"\n<p><strong>Los Pol\u00edticos<\/strong><\/p>\n\n\n\n<p><strong>Salvador Mu\u00f1oz<\/strong><\/p>\n\n\n\n<p>El Presidente de la Junta de Coordinaci\u00f3n Pol\u00edtica, Juan Javier G\u00f3mez Cazar\u00edn, lanz\u00f3 fuertes cr\u00edticas a los Yunes azules, en especial a Miguel \u00c1ngel Yunes M\u00e1rquez, sobre todo cuando fue candidato a la presidencia municipal del Puerto.<\/p>\n\n\n\n<p>De cierto modo, G\u00f3mez Cazar\u00edn, como el Chavo del 8, sin querer queriendo, expone una opci\u00f3n en los planes de los Yunes azules dentro del esquema 24-25-30: \u00a1la revancha de Chiquiyunes!<\/p>\n\n\n\n<p>El primer paso que tienen en claro los dos Migueles Yunes, es lograr a como d\u00e9 lugar, el esca\u00f1o. Una vez obtenido \u00e9ste, entonces, \u00bfpor qu\u00e9 no pensar que en el 2025, Chiquiyunes aproveche la oportunidad que siempre da la vida, la pol\u00edtica y las circunstancias, para buscar la Presidencia Municipal de Veracruz? Con ello, pasar\u00eda al esca\u00f1o don Miguel pap\u00e1 y as\u00ed, en un escenario ideal para el Clan del Estero, por qu\u00e9 no pensar entonces en un Yunes en el Senado; otro, en el Congreso local; y la cereza del pastel pol\u00edtico, uno m\u00e1s a la cabeza de uno de los Ayuntamientos m\u00e1s importantes del pa\u00eds.<\/p>\n\n\n\n<p>De este modo, Chiquiyunes matar\u00eda dos p\u00e1jaros de un tiro:<\/p>\n\n\n\n<p>El primero, lavar su honra despu\u00e9s de que lo bajaran en la pasada contienda municipal\u2026<\/p>\n\n\n\n<p>El segundo, la conformaci\u00f3n de un triunvirato entre diferentes poderes: senatorial, legislativo local, y municipal\u2026<\/p>\n\n\n\n<p>Por supuesto, de todo esto, s\u00f3lo falta definir la situaci\u00f3n de Chiquinando: irse por c\u00f3moda v\u00eda por una Pluri\u2026 irse por la uninominal para rif\u00e1rsela con votos\u2026 \u00a1o ambas para que no haya pierde!<\/p>\n\n\n\n<p>PD La extensi\u00f3n del Clan Yunes podr\u00eda alcanzar hasta Emiliano Zapata si como todo indica, Natalia Calleja, podr\u00eda competir por la curul\u2026<\/p>\n\n\n\n<p>Natalia, quien en sus inicios en la pol\u00edtica, gustaba de agregar una \u201cS\u201d al apellido para poder llamar \u201cT\u00edo\u201d a don Juan Nicol\u00e1s Callejas, viene trabajando en Participaci\u00f3n Ciudadana con Paty-Yu en el Puerto jarocho\u2026 si le pega al Distrito de Emiliano Zapata, no s\u00f3lo extiende el territorio yunista, sino que queda a un paso de cristalizar un sue\u00f1o que acaricia desde hace rato: ser la presidenta municipal de Emiliano Zapata\u2026 en fin\u2026 ya se ver\u00e1 si s\u00ed o no\u2026 por lo mientras, sin querer queriendo, Juan Javier G\u00f3mez Cazar\u00edn abri\u00f3 un portal a las opciones del Plan 24-25-30 de los Yunes azules.<\/p>\n","protected":false},"excerpt":{"rendered":"<p>Los Pol\u00edticos Salvador Mu\u00f1oz El Presidente de la Junta de Coordinaci\u00f3n Pol\u00edtica, Juan Javier G\u00f3mez Cazar\u00edn, lanz\u00f3 fuertes cr\u00edticas a los Yunes azules, en especial a Miguel \u00c1ngel Yunes M\u00e1rquez, sobre todo cuando fue candidato a la presidencia municipal del Puerto. De cierto modo, G\u00f3mez Cazar\u00edn, como el Chavo del 8, sin querer queriendo, expone [&hellip;]<\/p>\n","protected":false},"author":2476,"featured_media":387,"comment_status":"open","ping_status":"open","sticky":false,"template":"","format":"standard","meta":{"_jetpack_memberships_contains_paid_content":false,"footnotes":""},"categories":[11],"tags":[],"class_list":["post-51627","post","type-post","status-publish","format-standard","has-post-thumbnail","hentry","category-opinion"],"jetpack_featured_media_url":"https:\/\/encuentroinformativo.com.mx\/wp-content\/uploads\/2020\/03\/7CF8A22B-2764-47BE-8F7F-38FE9E5D6A2F.jpeg","jetpack_sharing_enabled":true,"jetpack_likes_enabled":true,"amp_enabled":true,"_links":{"self":[{"href":"https:\/\/encuentroinformativo.com.mx\/index.php?rest_route=\/wp\/v2\/posts\/51627","targetHints":{"allow":["GET"]}}],"collection":[{"href":"https:\/\/encuentroinformativo.com.mx\/index.php?rest_route=\/wp\/v2\/posts"}],"about":[{"href":"https:\/\/encuentroinformativo.com.mx\/index.php?rest_route=\/wp\/v2\/types\/post"}],"author":[{"embeddable":true,"href":"https:\/\/encuentroinformativo.com.mx\/index.php?rest_route=\/wp\/v2\/users\/2476"}],"replies":[{"embeddable":true,"href":"https:\/\/encuentroinformativo.com.mx\/index.php?rest_route=%2Fwp%2Fv2%2Fcomments&post=51627"}],"version-history":[{"count":1,"href":"https:\/\/encuentroinformativo.com.mx\/index.php?rest_route=\/wp\/v2\/posts\/51627\/revisions"}],"predecessor-version":[{"id":51628,"href":"https:\/\/encuentroinformativo.com.mx\/index.php?rest_route=\/wp\/v2\/posts\/51627\/revisions\/51628"}],"wp:featuredmedia":[{"embeddable":true,"href":"https:\/\/encuentroinformativo.com.mx\/index.php?rest_route=\/wp\/v2\/media\/387"}],"wp:attachment":[{"href":"https:\/\/encuentroinformativo.com.mx\/index.php?rest_route=%2Fwp%2Fv2%2Fmedia&parent=51627"}],"wp:term":[{"taxonomy":"category","embeddable":true,"href":"https:\/\/encuentroinformativo.com.mx\/index.php?rest_route=%2Fwp%2Fv2%2Fcategories&post=51627"},{"taxonomy":"post_tag","embeddable":true,"href":"https:\/\/encuentroinformativo.com.mx\/index.php?rest_route=%2Fwp%2Fv2%2Ftags&post=51627"}],"curies":[{"name":"wp","href":"https:\/\/api.w.org\/{rel}","templated":true}]}}