{"id":51629,"date":"2024-03-08T10:35:31","date_gmt":"2024-03-08T16:35:31","guid":{"rendered":"https:\/\/encuentroinformativo.com.mx\/?p=51629"},"modified":"2024-03-08T10:35:37","modified_gmt":"2024-03-08T16:35:37","slug":"no-hay-que-normalizar-conductas-de-riesgo-de-mujeres-pepe-yunes","status":"publish","type":"post","link":"https:\/\/encuentroinformativo.com.mx\/?p=51629","title":{"rendered":"No hay que normalizar conductas de riesgo de mujeres: Pepe Yunes"},"content":{"rendered":"\n<p><strong>Alejandro \u00c1vila<\/strong><\/p>\n\n\n\n<p>Veracruz, Ver.- El pre candidato a la gubernatura de Veracruz, Jos\u00e9 Francisco Yunes Zorrilla coincidi\u00f3 con la experta en seguridad y defensa personal, Silvia Sussethe Ram\u00f3n, en cuanto a no normalizar las conductas de riesgo en la que viven las mujeres en Veracruz.<\/p>\n\n\n\n<p>A partir de este jueves 7 de marzo, Pepe Yunes inici\u00f3 con Di\u00e1logos de Palabra Profesional, una serie de entrevistas que tendr\u00e1 cada semana sobre temas relevantes en la sociedad.<\/p>\n\n\n\n<p>&#8220;Hace mucho sentido este tema, porque el entorno en el que vivimos de mucha inseguridad, de mucha violencia, lamentablemente est\u00e1 generando pautas de miedo, de angustia, en muchos de los entornos sociales&#8221;, expres\u00f3 Pepe Yunes al inicio de la charla.<\/p>\n\n\n\n<p>El Estado de Veracruz sigue teniendo un lamentable segundo lugar en feminicidios y violencia de g\u00e9nero a nivel nacional; adem\u00e1s cuenta con dos Alertas de Violencia de G\u00e9nero (AVG).<\/p>\n\n\n\n<p>Por su parte, Silvia Susseth Ram\u00f3n, a quien respaldan m\u00e1s de 10 a\u00f1os de experiencia en la impartici\u00f3n de clases de defensa personal a mujeres y ni\u00f1os en Veracruz, se\u00f1al\u00f3 la importancia de no normalizar conductas que ponen a las mujeres en situaciones de riesgo y sumar a la complementariedad entre gobierno y sociedad que asegure entornos para las mujeres.<\/p>\n\n\n\n<p>&#8220;Justamente eso que comenta, el no normalizar todo ese tipo de cosas, el no minimizar los abusos o los ataques, porque muchas veces por verg\u00fcenza no levantamos la voz, no detenemos esto, y ya nos vemos en vueltas o ya avanza tanto que llega un punto donde ya nos da mucho trabajo retroceder cuando pudimos haber puesto un alto desde un principio, simplemente el hecho de levantar la voz, podr\u00eda ser eso&#8221;, expres\u00f3 Silvia Sussethe.<\/p>\n\n\n\n<p>Di\u00e1logos de Palabra Profesional (#DPP) se transmitir\u00e1 cada semana en las redes oficiales de Pepe Yunes.<\/p>\n","protected":false},"excerpt":{"rendered":"<p>Alejandro \u00c1vila Veracruz, Ver.- El pre candidato a la gubernatura de Veracruz, Jos\u00e9 Francisco Yunes Zorrilla coincidi\u00f3 con la experta en seguridad y defensa personal, Silvia Sussethe Ram\u00f3n, en cuanto a no normalizar las conductas de riesgo en la que viven las mujeres en Veracruz. A partir de este jueves 7 de marzo, Pepe Yunes [&hellip;]<\/p>\n","protected":false},"author":2476,"featured_media":51630,"comment_status":"open","ping_status":"open","sticky":false,"template":"","format":"standard","meta":{"_jetpack_memberships_contains_paid_content":false,"footnotes":""},"categories":[2],"tags":[],"class_list":["post-51629","post","type-post","status-publish","format-standard","has-post-thumbnail","hentry","category-estado"],"jetpack_featured_media_url":"https:\/\/encuentroinformativo.com.mx\/wp-content\/uploads\/2024\/03\/IMG-20240308-WA0005.jpg","jetpack_sharing_enabled":true,"jetpack_likes_enabled":true,"amp_enabled":true,"_links":{"self":[{"href":"https:\/\/encuentroinformativo.com.mx\/index.php?rest_route=\/wp\/v2\/posts\/51629","targetHints":{"allow":["GET"]}}],"collection":[{"href":"https:\/\/encuentroinformativo.com.mx\/index.php?rest_route=\/wp\/v2\/posts"}],"about":[{"href":"https:\/\/encuentroinformativo.com.mx\/index.php?rest_route=\/wp\/v2\/types\/post"}],"author":[{"embeddable":true,"href":"https:\/\/encuentroinformativo.com.mx\/index.php?rest_route=\/wp\/v2\/users\/2476"}],"replies":[{"embeddable":true,"href":"https:\/\/encuentroinformativo.com.mx\/index.php?rest_route=%2Fwp%2Fv2%2Fcomments&post=51629"}],"version-history":[{"count":1,"href":"https:\/\/encuentroinformativo.com.mx\/index.php?rest_route=\/wp\/v2\/posts\/51629\/revisions"}],"predecessor-version":[{"id":51631,"href":"https:\/\/encuentroinformativo.com.mx\/index.php?rest_route=\/wp\/v2\/posts\/51629\/revisions\/51631"}],"wp:featuredmedia":[{"embeddable":true,"href":"https:\/\/encuentroinformativo.com.mx\/index.php?rest_route=\/wp\/v2\/media\/51630"}],"wp:attachment":[{"href":"https:\/\/encuentroinformativo.com.mx\/index.php?rest_route=%2Fwp%2Fv2%2Fmedia&parent=51629"}],"wp:term":[{"taxonomy":"category","embeddable":true,"href":"https:\/\/encuentroinformativo.com.mx\/index.php?rest_route=%2Fwp%2Fv2%2Fcategories&post=51629"},{"taxonomy":"post_tag","embeddable":true,"href":"https:\/\/encuentroinformativo.com.mx\/index.php?rest_route=%2Fwp%2Fv2%2Ftags&post=51629"}],"curies":[{"name":"wp","href":"https:\/\/api.w.org\/{rel}","templated":true}]}}