{"id":51640,"date":"2024-03-08T12:44:25","date_gmt":"2024-03-08T18:44:25","guid":{"rendered":"https:\/\/encuentroinformativo.com.mx\/?p=51640"},"modified":"2024-03-08T12:44:30","modified_gmt":"2024-03-08T18:44:30","slug":"este-sabado-final-de-softbol-macario-de-la-rosa","status":"publish","type":"post","link":"https:\/\/encuentroinformativo.com.mx\/?p=51640","title":{"rendered":"Este s\u00e1bado, final de Softbol &#8220;Macario de la Rosa&#8221;"},"content":{"rendered":"\n<p><strong>Alejandro \u00c1vila<\/strong><\/p>\n\n\n\n<p>Veracruz, Ver.- Este s\u00e1bado 9 de marzo se llevar\u00e1 a cabo en los campos de la Unidad Petrolera en Boca del R\u00edo, un electrizante encuentro de Softbol entre los Perros de Perforaci\u00f3n vs la Terminal Almacenamiento y Despacho (TAD) Veracruz de El Sardinero.<\/p>\n\n\n\n<p>En punto de las 10:30 de la ma\u00f1ana se realizar\u00e1 este encuentro entre dos de los equipos que pelearon palmo a palmo los primeros lugares durante el torneo regular nombrado en su primer edici\u00f3n &#8220;Macario de la Rosa&#8221;.<\/p>\n\n\n\n<p>Dicho torneo organizado por el Comit\u00e9 Ejecutivo Local de la Secci\u00f3n 9 del Sindicato de los Trabajadores Petroleros de la Rep\u00fablica Mexicana, que encabeza, Nadim David Reyna, inici\u00f3 el \u00faltimo cuatrimestre del 2023 con 16 equipos, y tras semanas de lucha y esfuerzo deportivo est\u00e1 a punto de llegar a su conclusi\u00f3n.<\/p>\n\n\n\n<p>La intenci\u00f3n de estas actividades deportivas es fomentar la camarader\u00eda y el buen \u00e1nimo entre el gremio petrolero de Veracruz; el secretario general de la secci\u00f3n 9, Nadim David Reyna, asegur\u00f3 que esta y otras acciones recreativas se continuar\u00e1n fomentando durante el 2024, ya que considera es una forma de incentivar a los trabajadores.<\/p>\n","protected":false},"excerpt":{"rendered":"<p>Alejandro \u00c1vila Veracruz, Ver.- Este s\u00e1bado 9 de marzo se llevar\u00e1 a cabo en los campos de la Unidad Petrolera en Boca del R\u00edo, un electrizante encuentro de Softbol entre los Perros de Perforaci\u00f3n vs la Terminal Almacenamiento y Despacho (TAD) Veracruz de El Sardinero. En punto de las 10:30 de la ma\u00f1ana se realizar\u00e1 [&hellip;]<\/p>\n","protected":false},"author":2476,"featured_media":51641,"comment_status":"open","ping_status":"open","sticky":false,"template":"","format":"standard","meta":{"_jetpack_memberships_contains_paid_content":false,"footnotes":""},"categories":[2],"tags":[],"class_list":["post-51640","post","type-post","status-publish","format-standard","has-post-thumbnail","hentry","category-estado"],"jetpack_featured_media_url":"https:\/\/encuentroinformativo.com.mx\/wp-content\/uploads\/2024\/03\/IMG-20240308-WA0022.jpg","jetpack_sharing_enabled":true,"jetpack_likes_enabled":true,"amp_enabled":true,"_links":{"self":[{"href":"https:\/\/encuentroinformativo.com.mx\/index.php?rest_route=\/wp\/v2\/posts\/51640","targetHints":{"allow":["GET"]}}],"collection":[{"href":"https:\/\/encuentroinformativo.com.mx\/index.php?rest_route=\/wp\/v2\/posts"}],"about":[{"href":"https:\/\/encuentroinformativo.com.mx\/index.php?rest_route=\/wp\/v2\/types\/post"}],"author":[{"embeddable":true,"href":"https:\/\/encuentroinformativo.com.mx\/index.php?rest_route=\/wp\/v2\/users\/2476"}],"replies":[{"embeddable":true,"href":"https:\/\/encuentroinformativo.com.mx\/index.php?rest_route=%2Fwp%2Fv2%2Fcomments&post=51640"}],"version-history":[{"count":1,"href":"https:\/\/encuentroinformativo.com.mx\/index.php?rest_route=\/wp\/v2\/posts\/51640\/revisions"}],"predecessor-version":[{"id":51642,"href":"https:\/\/encuentroinformativo.com.mx\/index.php?rest_route=\/wp\/v2\/posts\/51640\/revisions\/51642"}],"wp:featuredmedia":[{"embeddable":true,"href":"https:\/\/encuentroinformativo.com.mx\/index.php?rest_route=\/wp\/v2\/media\/51641"}],"wp:attachment":[{"href":"https:\/\/encuentroinformativo.com.mx\/index.php?rest_route=%2Fwp%2Fv2%2Fmedia&parent=51640"}],"wp:term":[{"taxonomy":"category","embeddable":true,"href":"https:\/\/encuentroinformativo.com.mx\/index.php?rest_route=%2Fwp%2Fv2%2Fcategories&post=51640"},{"taxonomy":"post_tag","embeddable":true,"href":"https:\/\/encuentroinformativo.com.mx\/index.php?rest_route=%2Fwp%2Fv2%2Ftags&post=51640"}],"curies":[{"name":"wp","href":"https:\/\/api.w.org\/{rel}","templated":true}]}}