{"id":51647,"date":"2024-03-08T13:13:11","date_gmt":"2024-03-08T19:13:11","guid":{"rendered":"https:\/\/encuentroinformativo.com.mx\/?p=51647"},"modified":"2024-03-08T13:13:19","modified_gmt":"2024-03-08T19:13:19","slug":"en-memoria-de-victimas-de-feminicidios-realizan-bordada-en-plaza-lerdo","status":"publish","type":"post","link":"https:\/\/encuentroinformativo.com.mx\/?p=51647","title":{"rendered":"En memoria de v\u00edctimas de feminicidios, realizan bordada en Plaza Lerdo"},"content":{"rendered":"\n<p><strong>Juan Arcos<\/strong><\/p>\n\n\n\n<p>Xalapa, Ver.- Feministas realizaron la bordada en memoria de mujeres v\u00edctimas de feminicidio en la ciudad de Xalapa, frente a Palacio de Gobierno, como parte de las actividades del 8M.<\/p>\n\n\n\n<p>Se trata de integrantes de la Colectiva Sobrevivientes de Feminicidio, quienes montaron una carpa sobre Plaza Sebasti\u00e1n Lerdo de Tejada y colocaron pa\u00f1uelos con los nombres de algunas v\u00edctimas.<\/p>\n\n\n\n<p>Las mujeres convocaron a salir a las calles para demandar justicia social y visibilizar la violencia existente en Veracruz y a nivel nacional.<\/p>\n\n\n\n<p>Una de las activistas, quien prefiri\u00f3 el anonimato, record\u00f3 que en Xalapa han sido constantes los feminicidios.<\/p>\n\n\n\n<p>Ella record\u00f3 el caso de Virginia, quien fue asesinada a golpes por su pareja Jos\u00e9 Miguel \u201cN\u201d en la calle Reforma de la colonia Felipe Carrillo Puerto, en la zona del Paseo de los Lagos, la noche del pasado 20 de febrero.<\/p>\n\n\n\n<p>La entrevistada indic\u00f3 que las autoridades de los tres niveles de gobierno no garantizan la seguridad de las mujeres ni de la poblaci\u00f3n en general.<\/p>\n\n\n\n<figure class=\"wp-block-image size-large\"><img loading=\"lazy\" decoding=\"async\" width=\"1024\" height=\"768\" src=\"https:\/\/encuentroinformativo.com.mx\/wp-content\/uploads\/2024\/03\/IMG_0203-1024x768.jpg\" alt=\"\" class=\"wp-image-51650\" srcset=\"https:\/\/encuentroinformativo.com.mx\/wp-content\/uploads\/2024\/03\/IMG_0203-1024x768.jpg 1024w, https:\/\/encuentroinformativo.com.mx\/wp-content\/uploads\/2024\/03\/IMG_0203-300x225.jpg 300w, https:\/\/encuentroinformativo.com.mx\/wp-content\/uploads\/2024\/03\/IMG_0203-768x576.jpg 768w, https:\/\/encuentroinformativo.com.mx\/wp-content\/uploads\/2024\/03\/IMG_0203-1536x1152.jpg 1536w, https:\/\/encuentroinformativo.com.mx\/wp-content\/uploads\/2024\/03\/IMG_0203.jpg 2016w\" sizes=\"auto, (max-width: 1024px) 100vw, 1024px\" \/><\/figure>\n","protected":false},"excerpt":{"rendered":"<p>Juan Arcos Xalapa, Ver.- Feministas realizaron la bordada en memoria de mujeres v\u00edctimas de feminicidio en la ciudad de Xalapa, frente a Palacio de Gobierno, como parte de las actividades del 8M. Se trata de integrantes de la Colectiva Sobrevivientes de Feminicidio, quienes montaron una carpa sobre Plaza Sebasti\u00e1n Lerdo de Tejada y colocaron pa\u00f1uelos [&hellip;]<\/p>\n","protected":false},"author":2476,"featured_media":51648,"comment_status":"open","ping_status":"open","sticky":false,"template":"","format":"standard","meta":{"_jetpack_memberships_contains_paid_content":false,"footnotes":""},"categories":[3],"tags":[],"class_list":["post-51647","post","type-post","status-publish","format-standard","has-post-thumbnail","hentry","category-xalapa"],"jetpack_featured_media_url":"https:\/\/encuentroinformativo.com.mx\/wp-content\/uploads\/2024\/03\/IMG_0209.jpg","jetpack_sharing_enabled":true,"jetpack_likes_enabled":true,"amp_enabled":true,"_links":{"self":[{"href":"https:\/\/encuentroinformativo.com.mx\/index.php?rest_route=\/wp\/v2\/posts\/51647","targetHints":{"allow":["GET"]}}],"collection":[{"href":"https:\/\/encuentroinformativo.com.mx\/index.php?rest_route=\/wp\/v2\/posts"}],"about":[{"href":"https:\/\/encuentroinformativo.com.mx\/index.php?rest_route=\/wp\/v2\/types\/post"}],"author":[{"embeddable":true,"href":"https:\/\/encuentroinformativo.com.mx\/index.php?rest_route=\/wp\/v2\/users\/2476"}],"replies":[{"embeddable":true,"href":"https:\/\/encuentroinformativo.com.mx\/index.php?rest_route=%2Fwp%2Fv2%2Fcomments&post=51647"}],"version-history":[{"count":2,"href":"https:\/\/encuentroinformativo.com.mx\/index.php?rest_route=\/wp\/v2\/posts\/51647\/revisions"}],"predecessor-version":[{"id":51651,"href":"https:\/\/encuentroinformativo.com.mx\/index.php?rest_route=\/wp\/v2\/posts\/51647\/revisions\/51651"}],"wp:featuredmedia":[{"embeddable":true,"href":"https:\/\/encuentroinformativo.com.mx\/index.php?rest_route=\/wp\/v2\/media\/51648"}],"wp:attachment":[{"href":"https:\/\/encuentroinformativo.com.mx\/index.php?rest_route=%2Fwp%2Fv2%2Fmedia&parent=51647"}],"wp:term":[{"taxonomy":"category","embeddable":true,"href":"https:\/\/encuentroinformativo.com.mx\/index.php?rest_route=%2Fwp%2Fv2%2Fcategories&post=51647"},{"taxonomy":"post_tag","embeddable":true,"href":"https:\/\/encuentroinformativo.com.mx\/index.php?rest_route=%2Fwp%2Fv2%2Ftags&post=51647"}],"curies":[{"name":"wp","href":"https:\/\/api.w.org\/{rel}","templated":true}]}}