{"id":51652,"date":"2024-03-08T13:43:13","date_gmt":"2024-03-08T19:43:13","guid":{"rendered":"https:\/\/encuentroinformativo.com.mx\/?p=51652"},"modified":"2024-03-08T13:43:19","modified_gmt":"2024-03-08T19:43:19","slug":"autoridades-foco-de-violencia-red-de-mujeres","status":"publish","type":"post","link":"https:\/\/encuentroinformativo.com.mx\/?p=51652","title":{"rendered":"Autoridades foco de violencia: Red de Mujeres"},"content":{"rendered":"\n<p><strong>Dar\u00edo Pale <\/strong><\/p>\n\n\n\n<p>Xalapa, Ver.- El Secretariado Ejecutivo del Sistema Nacional de Seguridad P\u00fablica, reconoce que hubo en Veracruz de 2018 a 2023 mil 561 feminicidios en Veracruz, Gobierno es \u201cfoco de violencia\u201d, as\u00ed lo dio a conocer M\u00f3nica Mendoza Madrigal, presidenta del Cap\u00edtulo Veracruz de la Red Nacional de Mujeres Defensoras de la Patria en Todo.<\/p>\n\n\n\n<p>En conferencia de prensa, resalt\u00f3 que el Secretariado registr\u00f3 ya para enero de este 2024, 55 feminicidios en el pa\u00eds, de los cuales, seis ocurrieron en la entidad veracruzana.\u00a0<\/p>\n\n\n\n<p>Enfatiz\u00f3 que la presente administraci\u00f3n estatal no s\u00f3lo no ha erradicado la violencia contra las mujeres en el Estado, sino que es un \u201cfoco de violencia\u201d hacia las mujeres que trabajan en las distintas dependencias estatales.\u00a0<\/p>\n\n\n\n<p>Refiri\u00f3 que el Observatorio Universitario de Violencia contra las Mujeres, de la Universidad Veracruzana, registr\u00f3 de 2018 a 2023, 3 mil 115 casos de mujeres desaparecidas y ya para enero de este a\u00f1o suman 40 mujeres en dicha condici\u00f3n.\u00a0<\/p>\n\n\n\n<p>La investigadora y consultora en Comunicaci\u00f3n record\u00f3 que desde el 2016 existe una Alerta de Violencia de G\u00e9nero por feminicidio, a la que se sum\u00f3 otra por Alerta por agravio comparado, declarada en 2017.\u00a0<\/p>\n\n\n\n<p>\u201cY hoy, estamos a la espera de que la Comisi\u00f3n Nacional para Prevenir y Erradicar la Violencia Contra las Mujeres (Conavim) emita la alerta correspondiente por desaparici\u00f3n de mujeres que se solicit\u00f3 desde el 2019\u201d, mencion\u00f3.\u00a0<\/p>\n\n\n\n<p>Sin embargo, la activista reproch\u00f3 que no se ha cumplido con el mandato legal de atender, prevenir, sancionar y erradicar la violencia en contra de las mujeres que habitan el territorio veracruzano ni las que laboran en cada una de las dependencias de la administraci\u00f3n p\u00fablica veracruzana.\u00a0<\/p>\n\n\n\n<p>Ah\u00ed, record\u00f3 los casos de acoso y hostigamiento laboral y sexual que sit\u00faan a esta administraci\u00f3n como un \u201cfoco de violencia\u201d hacia las mujeres que ah\u00ed laboran.\u00a0<\/p>\n\n\n\n<p>Mencion\u00f3 que el primer caso que se tuvo conocimiento de la administraci\u00f3n de Cuitl\u00e1huac Garc\u00eda, fue en la Secretar\u00eda de Medio Ambiente (SEDEMA), en donde las v\u00edctimas salieron a los medios de comunicaci\u00f3n para atraer la atenci\u00f3n hacia la protecci\u00f3n que se brindaba a un agresor que estaba en el \u00e1nimo \u201cde quien gobierna\u201d.\u00a0<\/p>\n\n\n\n<p>De entonces a la fecha se han hecho p\u00fablicos casos de dependencias como las secretar\u00edas de Gobierno, de Seguridad P\u00fablica y de Educaci\u00f3n, en donde claramente la consigna es intentar por todos los medios que las agraviadas no denuncien, llegando al extremo de hacerlas conciliar con sus acosadores.\u00a0<\/p>\n\n\n\n<p>Por \u00faltimo en ese orden de ideas, Mendoza Madrigal detall\u00f3 que en 2022 se presentaron 100 denuncias por acoso y hostigamiento laboral, mientras que en 2023 el n\u00famero pas\u00f3 de las 100 denuncias sin que haya responsabilidades fincadas a los agresores.<\/p>\n","protected":false},"excerpt":{"rendered":"<p>Dar\u00edo Pale Xalapa, Ver.- El Secretariado Ejecutivo del Sistema Nacional de Seguridad P\u00fablica, reconoce que hubo en Veracruz de 2018 a 2023 mil 561 feminicidios en Veracruz, Gobierno es \u201cfoco de violencia\u201d, as\u00ed lo dio a conocer M\u00f3nica Mendoza Madrigal, presidenta del Cap\u00edtulo Veracruz de la Red Nacional de Mujeres Defensoras de la Patria en [&hellip;]<\/p>\n","protected":false},"author":2476,"featured_media":51653,"comment_status":"open","ping_status":"open","sticky":false,"template":"","format":"standard","meta":{"_jetpack_memberships_contains_paid_content":false,"footnotes":""},"categories":[2],"tags":[],"class_list":["post-51652","post","type-post","status-publish","format-standard","has-post-thumbnail","hentry","category-estado"],"jetpack_featured_media_url":"https:\/\/encuentroinformativo.com.mx\/wp-content\/uploads\/2024\/03\/IMG-20240308-WA0055.jpg","jetpack_sharing_enabled":true,"jetpack_likes_enabled":true,"amp_enabled":true,"_links":{"self":[{"href":"https:\/\/encuentroinformativo.com.mx\/index.php?rest_route=\/wp\/v2\/posts\/51652","targetHints":{"allow":["GET"]}}],"collection":[{"href":"https:\/\/encuentroinformativo.com.mx\/index.php?rest_route=\/wp\/v2\/posts"}],"about":[{"href":"https:\/\/encuentroinformativo.com.mx\/index.php?rest_route=\/wp\/v2\/types\/post"}],"author":[{"embeddable":true,"href":"https:\/\/encuentroinformativo.com.mx\/index.php?rest_route=\/wp\/v2\/users\/2476"}],"replies":[{"embeddable":true,"href":"https:\/\/encuentroinformativo.com.mx\/index.php?rest_route=%2Fwp%2Fv2%2Fcomments&post=51652"}],"version-history":[{"count":1,"href":"https:\/\/encuentroinformativo.com.mx\/index.php?rest_route=\/wp\/v2\/posts\/51652\/revisions"}],"predecessor-version":[{"id":51654,"href":"https:\/\/encuentroinformativo.com.mx\/index.php?rest_route=\/wp\/v2\/posts\/51652\/revisions\/51654"}],"wp:featuredmedia":[{"embeddable":true,"href":"https:\/\/encuentroinformativo.com.mx\/index.php?rest_route=\/wp\/v2\/media\/51653"}],"wp:attachment":[{"href":"https:\/\/encuentroinformativo.com.mx\/index.php?rest_route=%2Fwp%2Fv2%2Fmedia&parent=51652"}],"wp:term":[{"taxonomy":"category","embeddable":true,"href":"https:\/\/encuentroinformativo.com.mx\/index.php?rest_route=%2Fwp%2Fv2%2Fcategories&post=51652"},{"taxonomy":"post_tag","embeddable":true,"href":"https:\/\/encuentroinformativo.com.mx\/index.php?rest_route=%2Fwp%2Fv2%2Ftags&post=51652"}],"curies":[{"name":"wp","href":"https:\/\/api.w.org\/{rel}","templated":true}]}}