{"id":51655,"date":"2024-03-08T13:48:20","date_gmt":"2024-03-08T19:48:20","guid":{"rendered":"https:\/\/encuentroinformativo.com.mx\/?p=51655"},"modified":"2024-03-08T13:48:25","modified_gmt":"2024-03-08T19:48:25","slug":"realizan-performance-por-feminicidios-y-desaparicion-de-mujeres","status":"publish","type":"post","link":"https:\/\/encuentroinformativo.com.mx\/?p=51655","title":{"rendered":"Realizan performance por feminicidios y desaparici\u00f3n de mujeres"},"content":{"rendered":"\n<p><strong>Juan Arcos <\/strong><\/p>\n\n\n\n<p>Xalapa, Ver.- La activista Wendy L\u00f3pez realiz\u00f3 su performance durante el 8M por mujeres que han sido v\u00edctimas de feminicidio y desaparici\u00f3n forzada.<\/p>\n\n\n\n<p>Cumpli\u00f3 20 a\u00f1os consecutivos con esta actividad realizada durante el D\u00eda Internacional de las Mujeres, previo a la marcha del 8M.<\/p>\n\n\n\n<p>Frente a Palacio de Gobierno, en el centro de la ciudad de Xalapa, record\u00f3 que en el estado de Veracruz se contabilizan nueve feminicidios en lo que va del a\u00f1o y que en 2023 se contabilizaron mil 400 mujeres desaparecidas, cifras que son alarmantes.<\/p>\n\n\n\n<p>La feminista coloc\u00f3 una lona sobre la escalinata de la Catedral Metropolitana donde indic\u00f3 que las autoridades solo reconocen cuatro de los nueve casos de feminicidio.<\/p>\n\n\n\n<p>Tambi\u00e9n se observa que hasta el momento van 40 desapariciones de mujeres, seis homicidios dolosos y 52 agresiones contra este sector de la poblaci\u00f3n.<\/p>\n\n\n\n<p>Wendy portaba un vestido blanco de boda, con los nombres de algunas v\u00edctimas a letras rojas, para visibilizar la problem\u00e1tica y exigir que cesen los cr\u00edmenes de mujeres.<\/p>\n","protected":false},"excerpt":{"rendered":"<p>Juan Arcos Xalapa, Ver.- La activista Wendy L\u00f3pez realiz\u00f3 su performance durante el 8M por mujeres que han sido v\u00edctimas de feminicidio y desaparici\u00f3n forzada. Cumpli\u00f3 20 a\u00f1os consecutivos con esta actividad realizada durante el D\u00eda Internacional de las Mujeres, previo a la marcha del 8M. Frente a Palacio de Gobierno, en el centro de [&hellip;]<\/p>\n","protected":false},"author":2476,"featured_media":51656,"comment_status":"open","ping_status":"open","sticky":false,"template":"","format":"standard","meta":{"_jetpack_memberships_contains_paid_content":false,"footnotes":""},"categories":[3],"tags":[],"class_list":["post-51655","post","type-post","status-publish","format-standard","has-post-thumbnail","hentry","category-xalapa"],"jetpack_featured_media_url":"https:\/\/encuentroinformativo.com.mx\/wp-content\/uploads\/2024\/03\/IMG_0262.jpg","jetpack_sharing_enabled":true,"jetpack_likes_enabled":true,"amp_enabled":true,"_links":{"self":[{"href":"https:\/\/encuentroinformativo.com.mx\/index.php?rest_route=\/wp\/v2\/posts\/51655","targetHints":{"allow":["GET"]}}],"collection":[{"href":"https:\/\/encuentroinformativo.com.mx\/index.php?rest_route=\/wp\/v2\/posts"}],"about":[{"href":"https:\/\/encuentroinformativo.com.mx\/index.php?rest_route=\/wp\/v2\/types\/post"}],"author":[{"embeddable":true,"href":"https:\/\/encuentroinformativo.com.mx\/index.php?rest_route=\/wp\/v2\/users\/2476"}],"replies":[{"embeddable":true,"href":"https:\/\/encuentroinformativo.com.mx\/index.php?rest_route=%2Fwp%2Fv2%2Fcomments&post=51655"}],"version-history":[{"count":1,"href":"https:\/\/encuentroinformativo.com.mx\/index.php?rest_route=\/wp\/v2\/posts\/51655\/revisions"}],"predecessor-version":[{"id":51657,"href":"https:\/\/encuentroinformativo.com.mx\/index.php?rest_route=\/wp\/v2\/posts\/51655\/revisions\/51657"}],"wp:featuredmedia":[{"embeddable":true,"href":"https:\/\/encuentroinformativo.com.mx\/index.php?rest_route=\/wp\/v2\/media\/51656"}],"wp:attachment":[{"href":"https:\/\/encuentroinformativo.com.mx\/index.php?rest_route=%2Fwp%2Fv2%2Fmedia&parent=51655"}],"wp:term":[{"taxonomy":"category","embeddable":true,"href":"https:\/\/encuentroinformativo.com.mx\/index.php?rest_route=%2Fwp%2Fv2%2Fcategories&post=51655"},{"taxonomy":"post_tag","embeddable":true,"href":"https:\/\/encuentroinformativo.com.mx\/index.php?rest_route=%2Fwp%2Fv2%2Ftags&post=51655"}],"curies":[{"name":"wp","href":"https:\/\/api.w.org\/{rel}","templated":true}]}}