{"id":5166,"date":"2020-08-24T01:34:36","date_gmt":"2020-08-24T06:34:36","guid":{"rendered":"https:\/\/encuentroinformativo.com\/?p=5166"},"modified":"2020-08-24T01:34:38","modified_gmt":"2020-08-24T06:34:38","slug":"inician-clases-virtuales-2-millones-de-estudiantes-de-educacion-basica","status":"publish","type":"post","link":"https:\/\/encuentroinformativo.com.mx\/?p=5166","title":{"rendered":"Inician clases virtuales 2 millones de estudiantes de educaci\u00f3n b\u00e1sica"},"content":{"rendered":"\n<p>Xalapa, Ver.- El gobernador Cuitl\u00e1huac Garc\u00eda Jim\u00e9nez dirigi\u00f3 un mensaje a los 2 millones 167 mil 971 estudiantes inscritos en 23 mil 920 escuelas, atendidos por 137 mil 424 docentes de educaci\u00f3n B\u00e1sica, Media Superior y Superior en 6 mil 775 localidades de los 212 municipios, que este lunes regresan a clases para el ciclo escolar \u201cVeracruz Educando a Distancia 2020-2021\u201d.<\/p>\n\n\n\n<p>Detall\u00f3 que los alumnos (as) tomar\u00e1n sus clases a trav\u00e9s de los canales abiertos de Televisa, TV Azteca, Milenio Televisi\u00f3n e Imagen Televisi\u00f3n, que transmitir\u00e1n la programaci\u00f3n&nbsp;<em>Aprende en Casa II<\/em>&nbsp;dise\u00f1ada por la Secretar\u00eda de Educaci\u00f3n P\u00fablica (SEP).<\/p>\n\n\n\n<p>De igual manera, por la estaci\u00f3n de Radio M\u00e1s; los horarios ser\u00e1n los siguientes: de 07:00 a 09:00 Secundaria, de 9:00 a 12:00 Primaria, de 12:00 a 13:00 Preescolar, de 14:00 a 14:30 Educaci\u00f3n Especial y a 15:30 a 18:00 Curso remedial de Espa\u00f1ol y Matem\u00e1ticas.<\/p>\n\n\n\n<p>Por otro lado, la SEV inform\u00f3 que se distribuir\u00e1n 9 millones 872 mil 189 libros de texto gratuitos, de los que el 100% para Secundarias T\u00e9cnicas y Generales ya est\u00e1 en los 19 almacenes regionales, y prev\u00e9 que durante la segunda semana de septiembre entregue a los dem\u00e1s niveles.&nbsp;<\/p>\n\n\n\n<p>Tambi\u00e9n dio a conocer que fueron impresos 150 mil cuadernillos de Lectoescritura para ni\u00f1os (as) de segundo grado de Primaria y 37 mil 500 mil gu\u00edas de apoyo de Espa\u00f1ol y Matem\u00e1ticas en Secundaria, a repartirse en 20 municipios de alta y muy alta marginaci\u00f3n de las regiones Huasteca Baja, Totonaca, Altas Monta\u00f1as, Papaloapan y Olmeca.<\/p>\n\n\n\n<p>En su p\u00e1gina oficial&nbsp;<a href=\"http:\/\/www.sev.gob.mx\/\" target=\"_blank\" rel=\"noreferrer noopener\">www.sev.gob.mx<\/a>, la Secretar\u00eda de Educaci\u00f3n compartir\u00e1 contenidos descargables y de consulta; as\u00ed como los beneficios que otorga la cuenta institucional de Microsoft y Google para Educaci\u00f3n. Tambi\u00e9n habilit\u00f3 el n\u00famero (800) 501 2525, donde atender\u00e1 dudas y orientar\u00e1 a padres y madres de familia sobre planteles cercanos a sus hogares y que tengan vacantes.<\/p>\n\n\n\n<p>En cuanto a los subsistemas de Educaci\u00f3n Media Superior y Superior, las inscripciones tendr\u00e1n lugar v\u00eda electr\u00f3nica y hay m\u00e1s de 21 mil gu\u00edas did\u00e1cticas para quienes no cuentan con un equipo de c\u00f3mputo ni servicio de internet.&nbsp;<\/p>\n\n\n\n<p>La programaci\u00f3n para alumnos de Telebachillerato comenzar\u00e1 este 24 de agosto, por medio de Ingenio TV y Milenio Televisi\u00f3n, a nivel nacional. Adicionalmente, fue dispuesto un centro de atenci\u00f3n telef\u00f3nica con el n\u00famero (228) 980 0540, de 9 de la ma\u00f1ana a 8 de la noche.<\/p>\n\n\n\n<p>Asimismo, qued\u00f3 dise\u00f1ado un calendario tomando en cuenta las particularidades de cada subsistema, en el caso de Media y Superior, los resultados del diagn\u00f3stico estar\u00e1n del 24 al 31 de agosto, las inscripciones del 25 de agosto al 18 de septiembre, regularizaci\u00f3n del 03 de agosto al 18 de septiembre y nivelaci\u00f3n del 24 de agosto al 18 de septiembre. El inicio de clases ser\u00e1 el 21 de septiembre; s\u00f3lo para CECYTEV el 14 de septiembre.<\/p>\n\n\n\n<p>Con respecto a Educaci\u00f3n Superior, la Universidad Pedag\u00f3gica Nacional (UPN) y los tecnol\u00f3gicos abrieron inscripciones del 12 de agosto al 18 de septiembre; en tanto que sus labores arrancar\u00e1n el 21 de septiembre y 31 de agosto, respectivamente.&nbsp;<\/p>\n\n\n\n<p>Finalmente, el mandatario hizo un exhorto a ni\u00f1os (as), j\u00f3venes, docentes, padres y madres de familia a comprometerse con el proceso educativo y asegur\u00f3 que los tiempos dif\u00edciles son tambi\u00e9n de oportunidad.<\/p>\n\n\n\n<p><\/p>\n\n\n\n<p><\/p>\n","protected":false},"excerpt":{"rendered":"<p>Xalapa, Ver.- El gobernador Cuitl\u00e1huac Garc\u00eda Jim\u00e9nez dirigi\u00f3 un mensaje a los 2 millones 167 mil 971 estudiantes inscritos en 23 mil 920 escuelas, atendidos por 137 mil 424 docentes de educaci\u00f3n B\u00e1sica, Media Superior y Superior en 6 mil 775 localidades de los 212 municipios, que este lunes regresan a clases para el ciclo [&hellip;]<\/p>\n","protected":false},"author":1,"featured_media":5167,"comment_status":"open","ping_status":"open","sticky":false,"template":"","format":"standard","meta":{"_jetpack_memberships_contains_paid_content":false,"footnotes":""},"categories":[2],"tags":[],"class_list":["post-5166","post","type-post","status-publish","format-standard","has-post-thumbnail","hentry","category-estado"],"jetpack_featured_media_url":"https:\/\/encuentroinformativo.com.mx\/wp-content\/uploads\/2020\/08\/8192AE4C-D3AA-45C0-8EFF-6DE3F19D1DAC.jpeg","jetpack_sharing_enabled":true,"jetpack_likes_enabled":true,"amp_enabled":true,"_links":{"self":[{"href":"https:\/\/encuentroinformativo.com.mx\/index.php?rest_route=\/wp\/v2\/posts\/5166","targetHints":{"allow":["GET"]}}],"collection":[{"href":"https:\/\/encuentroinformativo.com.mx\/index.php?rest_route=\/wp\/v2\/posts"}],"about":[{"href":"https:\/\/encuentroinformativo.com.mx\/index.php?rest_route=\/wp\/v2\/types\/post"}],"author":[{"embeddable":true,"href":"https:\/\/encuentroinformativo.com.mx\/index.php?rest_route=\/wp\/v2\/users\/1"}],"replies":[{"embeddable":true,"href":"https:\/\/encuentroinformativo.com.mx\/index.php?rest_route=%2Fwp%2Fv2%2Fcomments&post=5166"}],"version-history":[{"count":1,"href":"https:\/\/encuentroinformativo.com.mx\/index.php?rest_route=\/wp\/v2\/posts\/5166\/revisions"}],"predecessor-version":[{"id":5168,"href":"https:\/\/encuentroinformativo.com.mx\/index.php?rest_route=\/wp\/v2\/posts\/5166\/revisions\/5168"}],"wp:featuredmedia":[{"embeddable":true,"href":"https:\/\/encuentroinformativo.com.mx\/index.php?rest_route=\/wp\/v2\/media\/5167"}],"wp:attachment":[{"href":"https:\/\/encuentroinformativo.com.mx\/index.php?rest_route=%2Fwp%2Fv2%2Fmedia&parent=5166"}],"wp:term":[{"taxonomy":"category","embeddable":true,"href":"https:\/\/encuentroinformativo.com.mx\/index.php?rest_route=%2Fwp%2Fv2%2Fcategories&post=5166"},{"taxonomy":"post_tag","embeddable":true,"href":"https:\/\/encuentroinformativo.com.mx\/index.php?rest_route=%2Fwp%2Fv2%2Ftags&post=5166"}],"curies":[{"name":"wp","href":"https:\/\/api.w.org\/{rel}","templated":true}]}}