{"id":51664,"date":"2024-03-08T16:50:50","date_gmt":"2024-03-08T22:50:50","guid":{"rendered":"https:\/\/encuentroinformativo.com.mx\/?p=51664"},"modified":"2024-03-08T16:50:55","modified_gmt":"2024-03-08T22:50:55","slug":"ine-promueve-en-planteles-educativos-de-veracruz-las-preguntas-para-el-primer-debate","status":"publish","type":"post","link":"https:\/\/encuentroinformativo.com.mx\/?p=51664","title":{"rendered":"INE promueve en planteles educativos de Veracruz las preguntas para el primer debate"},"content":{"rendered":"\n<p>Xalapa, Ver.- El Instituto Nacional Electoral, a trav\u00e9s del Consejo Local y los 19 consejos distritales, realiza jornadas de difusi\u00f3n en planteles educativos de la entidad para invitar a las mexicanas y mexicanos a partir de los 13 a\u00f1os a participar, a trav\u00e9s de preguntas que reflejen sus inquietudes, en el primer debate presidencial que tendr\u00e1 lugar el pr\u00f3ximo 7 de abril.\u00a0<\/p>\n\n\n\n<p>El Delegado del Instituto Nacional Electoral en Veracruz, Josu\u00e9 Cervantes Mart\u00ednez,&nbsp; explic\u00f3 que estas jornadas tienen la finalidad de que las juventudes de la entidad y la ciudadan\u00eda en general participen, de manera activa, en los debates que organiza en Instituto \u201cpues se trata espacios plurales donde las dos candidatas y el candidato podr\u00e1n presentar y confrontar sus propuestas a la ciudadan\u00eda\u201d.<\/p>\n\n\n\n<p>Adelant\u00f3 que el primer debate se realizar\u00e1 en las oficinas centrales del INE en la Ciudad de M\u00e9xico y ser\u00e1 moderado por Denise Maerker y Manuel L\u00f3pez San Mart\u00edn. \u201cPara este primer encuentro, los temas que se abordar\u00e1n ser\u00e1n <em>educaci\u00f3n, salud, combate a la corrupci\u00f3n, transparencia, no discriminaci\u00f3n y grupos vulnerables,<\/em> as\u00ed como <em>violencia en contra de las mujeres<\/em>\u201d.<\/p>\n\n\n\n<p>Las personas interesadas, refiri\u00f3 el funcionario, pueden hacer llegar al INE las preguntas dirigidas a las candidaturas a la Presidencia de la Rep\u00fablica llenando el formulario disponible en el portal electr\u00f3nico: <a href=\"https:\/\/www.ine.mx\/preguntas-para-el-debate-presidencial\/\">https:\/\/www.ine.mx\/preguntas-para-el-debate-presidencial\/<\/a>, destacando que \u201ctambi\u00e9n se puede acceder al formulario mediante las redes sociales institucionales, todas las personas tienen hasta el 21 de marzo para registrar sus preguntas en las diversas plataformas digitales\u201d.<\/p>\n\n\n\n<p>Las preguntas, para ser consideradas, deben cumplir con algunos requisitos para que puedan ser consideradas:<\/p>\n\n\n\n<p>\u2022 Apegarse a los temas definidos para el debate.<\/p>\n\n\n\n<p>\u2022 No incluir lenguaje ofensivo, discursos de odio, inclinaci\u00f3n partidista, ideol\u00f3gica, religiosa o cualquier manifestaci\u00f3n de violencia o discriminaci\u00f3n, o referirse a alg\u00fan logro de gobierno y\/o propaganda gubernamental.<\/p>\n\n\n\n<p>\u2022 Redactarse de forma general y abierta y no estar dirigidas a una candidatura espec\u00edfica.<\/p>\n\n\n\n<p>Tambi\u00e9n la persona usuaria debe indicar el tema de su pregunta y escribirla en el espacio designado. Aunque el formulario s\u00f3lo considera una pregunta por campo de m\u00e1ximo 300 caracteres, cuenta con la opci\u00f3n de agregar m\u00e1s preguntas, por lo que las personas pueden enviar hasta seis preguntas relacionadas con los temas del primer debate.<\/p>\n\n\n\n<figure class=\"wp-block-image size-large\"><img loading=\"lazy\" decoding=\"async\" width=\"1024\" height=\"1024\" src=\"https:\/\/encuentroinformativo.com.mx\/wp-content\/uploads\/2024\/03\/IMG-20240308-WA0089-1024x1024.jpg\" alt=\"\" class=\"wp-image-51665\" srcset=\"https:\/\/encuentroinformativo.com.mx\/wp-content\/uploads\/2024\/03\/IMG-20240308-WA0089-1024x1024.jpg 1024w, https:\/\/encuentroinformativo.com.mx\/wp-content\/uploads\/2024\/03\/IMG-20240308-WA0089-300x300.jpg 300w, https:\/\/encuentroinformativo.com.mx\/wp-content\/uploads\/2024\/03\/IMG-20240308-WA0089-150x150.jpg 150w, https:\/\/encuentroinformativo.com.mx\/wp-content\/uploads\/2024\/03\/IMG-20240308-WA0089-768x768.jpg 768w, https:\/\/encuentroinformativo.com.mx\/wp-content\/uploads\/2024\/03\/IMG-20240308-WA0089.jpg 1280w\" sizes=\"auto, (max-width: 1024px) 100vw, 1024px\" \/><\/figure>\n","protected":false},"excerpt":{"rendered":"<p>Xalapa, Ver.- El Instituto Nacional Electoral, a trav\u00e9s del Consejo Local y los 19 consejos distritales, realiza jornadas de difusi\u00f3n en planteles educativos de la entidad para invitar a las mexicanas y mexicanos a partir de los 13 a\u00f1os a participar, a trav\u00e9s de preguntas que reflejen sus inquietudes, en el primer debate presidencial que [&hellip;]<\/p>\n","protected":false},"author":2476,"featured_media":51665,"comment_status":"open","ping_status":"open","sticky":false,"template":"","format":"standard","meta":{"_jetpack_memberships_contains_paid_content":false,"footnotes":""},"categories":[2],"tags":[],"class_list":["post-51664","post","type-post","status-publish","format-standard","has-post-thumbnail","hentry","category-estado"],"jetpack_featured_media_url":"https:\/\/encuentroinformativo.com.mx\/wp-content\/uploads\/2024\/03\/IMG-20240308-WA0089.jpg","jetpack_sharing_enabled":true,"jetpack_likes_enabled":true,"amp_enabled":true,"_links":{"self":[{"href":"https:\/\/encuentroinformativo.com.mx\/index.php?rest_route=\/wp\/v2\/posts\/51664","targetHints":{"allow":["GET"]}}],"collection":[{"href":"https:\/\/encuentroinformativo.com.mx\/index.php?rest_route=\/wp\/v2\/posts"}],"about":[{"href":"https:\/\/encuentroinformativo.com.mx\/index.php?rest_route=\/wp\/v2\/types\/post"}],"author":[{"embeddable":true,"href":"https:\/\/encuentroinformativo.com.mx\/index.php?rest_route=\/wp\/v2\/users\/2476"}],"replies":[{"embeddable":true,"href":"https:\/\/encuentroinformativo.com.mx\/index.php?rest_route=%2Fwp%2Fv2%2Fcomments&post=51664"}],"version-history":[{"count":2,"href":"https:\/\/encuentroinformativo.com.mx\/index.php?rest_route=\/wp\/v2\/posts\/51664\/revisions"}],"predecessor-version":[{"id":51667,"href":"https:\/\/encuentroinformativo.com.mx\/index.php?rest_route=\/wp\/v2\/posts\/51664\/revisions\/51667"}],"wp:featuredmedia":[{"embeddable":true,"href":"https:\/\/encuentroinformativo.com.mx\/index.php?rest_route=\/wp\/v2\/media\/51665"}],"wp:attachment":[{"href":"https:\/\/encuentroinformativo.com.mx\/index.php?rest_route=%2Fwp%2Fv2%2Fmedia&parent=51664"}],"wp:term":[{"taxonomy":"category","embeddable":true,"href":"https:\/\/encuentroinformativo.com.mx\/index.php?rest_route=%2Fwp%2Fv2%2Fcategories&post=51664"},{"taxonomy":"post_tag","embeddable":true,"href":"https:\/\/encuentroinformativo.com.mx\/index.php?rest_route=%2Fwp%2Fv2%2Ftags&post=51664"}],"curies":[{"name":"wp","href":"https:\/\/api.w.org\/{rel}","templated":true}]}}