{"id":51671,"date":"2024-03-08T18:54:42","date_gmt":"2024-03-09T00:54:42","guid":{"rendered":"https:\/\/encuentroinformativo.com.mx\/?p=51671"},"modified":"2024-03-08T18:54:50","modified_gmt":"2024-03-09T00:54:50","slug":"no-soy-princesa-soy-guerrera-claman-en-marcha-8m","status":"publish","type":"post","link":"https:\/\/encuentroinformativo.com.mx\/?p=51671","title":{"rendered":"&#8220;No soy princesa, soy guerrera&#8221;, claman en marcha 8M"},"content":{"rendered":"\n<p><strong>Juan Arcos <\/strong><\/p>\n\n\n\n<p>Xalapa, Ver.- \u201c\u00a1Yo no soy una princesa, soy una guerrera!\u201d, es el mensaje plasmado en una pancarta que sostiene con su mano derecha una ni\u00f1a, de aproximadamente tres a\u00f1os, quien acompa\u00f1a a su madre y a miles de feministas durante la marcha del 8M en la ciudad de Xalapa, la m\u00e1s numerosa del estado de Veracruz.<\/p>\n\n\n\n<p>Pese al extremo calor registrado la tarde de este viernes, las colectivas y diversas agrupaciones de mujeres se concentraron en el Teatro del Estado \u201cIgnacio de la Llave\u201d para iniciar su recorrido alrededor de las 15:30 horas con direcci\u00f3n a Palacio de Gobierno, en la zona centro de la capital del estado.<\/p>\n\n\n\n<p>Cientos de elementos de la Secretar\u00eda de Seguridad P\u00fablica (SSP) se desplegaron sobre las calles y avenidas de la ciudad para custodiar a las mujeres que participaron en la manifestaci\u00f3n, donde el reclamo m\u00e1s fuerte es que cese la violencia feminicida.<\/p>\n\n\n\n<p>Los polic\u00edas, en su mayor\u00eda mujeres, tambi\u00e9n hicieron una valla humana para resguardar la Catedral Metropolitana de Xalapa, el Palacio de Gobierno, la Torre de la Secretar\u00eda de Seguridad P\u00fablica y as\u00ed contener la protesta feminista.<\/p>\n\n\n\n<p>Desde la tarde del jueves 7 de marzo, algunas instituciones bancarias colocaron bloques de madera para proteger puertas y ventanas de cristal, ya que en manifestaciones pasadas los quejosos han ocasionado da\u00f1os.<\/p>\n\n\n\n<p>\u201cLas ni\u00f1as marchando, tambi\u00e9n est\u00e1n luchando\u201d, es una de las consignas que grit\u00f3 el contingente de mujeres que avanz\u00f3 sobre la avenida Manuel \u00c1vila Camacho rumbo a Plaza Sebasti\u00e1n Lerdo de Tejada.<\/p>\n\n\n\n<p>Las feministas hicieron una parada en el Monumento a la Madre, donde se toparon de frente con decenas de mujeres polic\u00edas, que custodiaban la escultura y a quienes les regalaron flores color rosa. En algunos locales comerciales de la avenida Manuel \u00c1vila Camacho colocaron lonas que dec\u00edan: \u201cmujeres estamos con ustedes, apoyamos su causa\u201d.<\/p>\n\n\n\n<p>Las mujeres tambi\u00e9n cargaron cartulinas donde se le\u00edan mensajes, como: \u201cmarcho porque tengo fe en que ma\u00f1ana ser\u00e1 un mundo mejor para mi sobrina\u201d, \u201ccalladita no te ves m\u00e1s bonita\u201d y \u201cmarcho por ti que hoy no est\u00e1s\u201d.<\/p>\n\n\n\n<p>En el parque \u201cMiguel Hidalgo y Costilla\u201d, mejor conocido como \u201cLos Berros\u201d, tambi\u00e9n se concentraron diversos contingentes, entre ellos colectivos de familiares de desaparecidos, para despu\u00e9s caminar hacia Plaza Lerdo y encontrarse con las dem\u00e1s mujeres movilizadas.<\/p>\n\n\n\n<p>El gobierno del estado, a trav\u00e9s de la Direcci\u00f3n General de Tr\u00e1nsito y Seguridad Vial brind\u00f3 acompa\u00f1amiento, seguridad y agiliz\u00f3 la circulaci\u00f3n vehicular.<br>Elementos femeninos de SSP y Fuerza Civil permanecieron en el primer cuadro de la ciudad, reguardando Palacio de Gobierno, la Catedral de Xalapa y comercios por donde circular\u00eda la marcha de este d\u00eda.<\/p>\n\n\n\n<p>\u201cGobierno del Estado garantiza el respeto y la libertad de expresi\u00f3n de todos los ciudadanos que participan durante esta marcha\u201d, se lee en un comunicado difundido por las autoridades estatales.<\/p>\n\n\n\n<p>Tambi\u00e9n hubo marchas y manifestaciones en el puerto de Veracruz, Orizaba, Poza Rica, Tuxpan, Coatzacoalcos, Minatitl\u00e1n y otros municipios del estado de Veracruz.<\/p>\n\n\n\n<figure class=\"wp-block-image size-large\"><img loading=\"lazy\" decoding=\"async\" width=\"1024\" height=\"768\" src=\"https:\/\/encuentroinformativo.com.mx\/wp-content\/uploads\/2024\/03\/56fd75e3-90b5-4d1a-9ce5-62e433590378-1024x768.jpg\" alt=\"\" class=\"wp-image-51673\" srcset=\"https:\/\/encuentroinformativo.com.mx\/wp-content\/uploads\/2024\/03\/56fd75e3-90b5-4d1a-9ce5-62e433590378-1024x768.jpg 1024w, https:\/\/encuentroinformativo.com.mx\/wp-content\/uploads\/2024\/03\/56fd75e3-90b5-4d1a-9ce5-62e433590378-300x225.jpg 300w, https:\/\/encuentroinformativo.com.mx\/wp-content\/uploads\/2024\/03\/56fd75e3-90b5-4d1a-9ce5-62e433590378-768x576.jpg 768w, https:\/\/encuentroinformativo.com.mx\/wp-content\/uploads\/2024\/03\/56fd75e3-90b5-4d1a-9ce5-62e433590378.jpg 1280w\" sizes=\"auto, (max-width: 1024px) 100vw, 1024px\" \/><\/figure>\n","protected":false},"excerpt":{"rendered":"<p>Juan Arcos Xalapa, Ver.- \u201c\u00a1Yo no soy una princesa, soy una guerrera!\u201d, es el mensaje plasmado en una pancarta que sostiene con su mano derecha una ni\u00f1a, de aproximadamente tres a\u00f1os, quien acompa\u00f1a a su madre y a miles de feministas durante la marcha del 8M en la ciudad de Xalapa, la m\u00e1s numerosa del [&hellip;]<\/p>\n","protected":false},"author":2476,"featured_media":51672,"comment_status":"open","ping_status":"open","sticky":false,"template":"","format":"standard","meta":{"_jetpack_memberships_contains_paid_content":false,"footnotes":""},"categories":[3],"tags":[],"class_list":["post-51671","post","type-post","status-publish","format-standard","has-post-thumbnail","hentry","category-xalapa"],"jetpack_featured_media_url":"https:\/\/encuentroinformativo.com.mx\/wp-content\/uploads\/2024\/03\/e71ce1c5-5fac-4031-8c4b-6a1e9517b81b.jpg","jetpack_sharing_enabled":true,"jetpack_likes_enabled":true,"amp_enabled":true,"_links":{"self":[{"href":"https:\/\/encuentroinformativo.com.mx\/index.php?rest_route=\/wp\/v2\/posts\/51671","targetHints":{"allow":["GET"]}}],"collection":[{"href":"https:\/\/encuentroinformativo.com.mx\/index.php?rest_route=\/wp\/v2\/posts"}],"about":[{"href":"https:\/\/encuentroinformativo.com.mx\/index.php?rest_route=\/wp\/v2\/types\/post"}],"author":[{"embeddable":true,"href":"https:\/\/encuentroinformativo.com.mx\/index.php?rest_route=\/wp\/v2\/users\/2476"}],"replies":[{"embeddable":true,"href":"https:\/\/encuentroinformativo.com.mx\/index.php?rest_route=%2Fwp%2Fv2%2Fcomments&post=51671"}],"version-history":[{"count":1,"href":"https:\/\/encuentroinformativo.com.mx\/index.php?rest_route=\/wp\/v2\/posts\/51671\/revisions"}],"predecessor-version":[{"id":51674,"href":"https:\/\/encuentroinformativo.com.mx\/index.php?rest_route=\/wp\/v2\/posts\/51671\/revisions\/51674"}],"wp:featuredmedia":[{"embeddable":true,"href":"https:\/\/encuentroinformativo.com.mx\/index.php?rest_route=\/wp\/v2\/media\/51672"}],"wp:attachment":[{"href":"https:\/\/encuentroinformativo.com.mx\/index.php?rest_route=%2Fwp%2Fv2%2Fmedia&parent=51671"}],"wp:term":[{"taxonomy":"category","embeddable":true,"href":"https:\/\/encuentroinformativo.com.mx\/index.php?rest_route=%2Fwp%2Fv2%2Fcategories&post=51671"},{"taxonomy":"post_tag","embeddable":true,"href":"https:\/\/encuentroinformativo.com.mx\/index.php?rest_route=%2Fwp%2Fv2%2Ftags&post=51671"}],"curies":[{"name":"wp","href":"https:\/\/api.w.org\/{rel}","templated":true}]}}