{"id":51675,"date":"2024-03-08T19:10:10","date_gmt":"2024-03-09T01:10:10","guid":{"rendered":"https:\/\/encuentroinformativo.com.mx\/?p=51675"},"modified":"2024-03-08T19:10:21","modified_gmt":"2024-03-09T01:10:21","slug":"se-suma-lider-indigena-a-campana-de-pepe-yunes","status":"publish","type":"post","link":"https:\/\/encuentroinformativo.com.mx\/?p=51675","title":{"rendered":"Se suma l\u00edder ind\u00edgena a campa\u00f1a de Pepe Yunes"},"content":{"rendered":"\n<p><strong>Alejandro \u00c1vila<\/strong><\/p>\n\n\n\n<p>Veracruz, Ver.- Anselma Hern\u00e1ndez Hern\u00e1ndez, l\u00edder indigena de la zona norte de Veracruz y ex integrante de Morena, denunci\u00f3 fraude, corrupci\u00f3n y dedazos en ese Instituto Pol\u00edtico, motivo por el cual ahora se sumar\u00e1 a la campa\u00f1a de Pepe Yunes.<\/p>\n\n\n\n<p>A trav\u00e9s de su cuenta personal de Facebook, public\u00f3 un escrito donde denunciaba todas las tropelias de las que fue objeto por parte de Morena, motivo que le hizo renunciar a su militancia y sumarse al proyecto de la alianza &#8220;Fuerza y Coraz\u00f3n por Veracruz&#8221;.<\/p>\n\n\n\n<p><em>Hoy como mujer ind\u00edgena y de lucha social, alzo la voz defendiendo mis ideales, ya que despu\u00e9s de haber participado en el partido&nbsp; MORENA, que representa, lo que los MEXICANOS NO QUEREMOS, dedazos, palancazos, fraude, corrupci\u00f3n, motivo por el cual despu\u00e9s de recibir el respaldo de mas de 28 mil firmas y el respaldo que el pueblo me ha otorgado, de seguir mis ideales, con independencia del partido pol\u00edtico en el que me encuentre, he decidido SUMARME,&nbsp; al proyecto que representa el licenciado JOSE FRANCISCO YUNES ZORRILLA, hombre honesto y de ideales, iguales a la suscrita, valorando la inclusi\u00f3n que le dara a los ind\u00edgenas, ademas de los proyectos en infraestructura carretera, sistema hospitalario, sector ganadero y los productores naranjeros, PEPE YUNES, nos ofrece&nbsp; un gobierno de inclusi\u00f3n social a las y los ind\u00edgenas y quien con el apoyo de todos nosotros, ser\u00e1 el pr\u00f3ximo gobernador de Veracruz<\/em>, se\u00f1ala en su escrito la licenciada Chema, como es ampliamente conocida.<\/p>\n\n\n\n<p>Cabe destacar que 2 de las hermanas de Anselma Hern\u00e1ndez, trabaja desde tiempo en la Comisi\u00f3n Nacional para el Desarrollo de los Pueblos Ind\u00edgenas; y otra de sus hermanas pertenece al Tribunal Superior de Justicia.<\/p>\n","protected":false},"excerpt":{"rendered":"<p>Alejandro \u00c1vila Veracruz, Ver.- Anselma Hern\u00e1ndez Hern\u00e1ndez, l\u00edder indigena de la zona norte de Veracruz y ex integrante de Morena, denunci\u00f3 fraude, corrupci\u00f3n y dedazos en ese Instituto Pol\u00edtico, motivo por el cual ahora se sumar\u00e1 a la campa\u00f1a de Pepe Yunes. A trav\u00e9s de su cuenta personal de Facebook, public\u00f3 un escrito donde denunciaba [&hellip;]<\/p>\n","protected":false},"author":2476,"featured_media":51677,"comment_status":"open","ping_status":"open","sticky":false,"template":"","format":"standard","meta":{"_jetpack_memberships_contains_paid_content":false,"footnotes":""},"categories":[2],"tags":[],"class_list":["post-51675","post","type-post","status-publish","format-standard","has-post-thumbnail","hentry","category-estado"],"jetpack_featured_media_url":"https:\/\/encuentroinformativo.com.mx\/wp-content\/uploads\/2024\/03\/IMG-20240308-WA0106.jpg","jetpack_sharing_enabled":true,"jetpack_likes_enabled":true,"amp_enabled":true,"_links":{"self":[{"href":"https:\/\/encuentroinformativo.com.mx\/index.php?rest_route=\/wp\/v2\/posts\/51675","targetHints":{"allow":["GET"]}}],"collection":[{"href":"https:\/\/encuentroinformativo.com.mx\/index.php?rest_route=\/wp\/v2\/posts"}],"about":[{"href":"https:\/\/encuentroinformativo.com.mx\/index.php?rest_route=\/wp\/v2\/types\/post"}],"author":[{"embeddable":true,"href":"https:\/\/encuentroinformativo.com.mx\/index.php?rest_route=\/wp\/v2\/users\/2476"}],"replies":[{"embeddable":true,"href":"https:\/\/encuentroinformativo.com.mx\/index.php?rest_route=%2Fwp%2Fv2%2Fcomments&post=51675"}],"version-history":[{"count":1,"href":"https:\/\/encuentroinformativo.com.mx\/index.php?rest_route=\/wp\/v2\/posts\/51675\/revisions"}],"predecessor-version":[{"id":51678,"href":"https:\/\/encuentroinformativo.com.mx\/index.php?rest_route=\/wp\/v2\/posts\/51675\/revisions\/51678"}],"wp:featuredmedia":[{"embeddable":true,"href":"https:\/\/encuentroinformativo.com.mx\/index.php?rest_route=\/wp\/v2\/media\/51677"}],"wp:attachment":[{"href":"https:\/\/encuentroinformativo.com.mx\/index.php?rest_route=%2Fwp%2Fv2%2Fmedia&parent=51675"}],"wp:term":[{"taxonomy":"category","embeddable":true,"href":"https:\/\/encuentroinformativo.com.mx\/index.php?rest_route=%2Fwp%2Fv2%2Fcategories&post=51675"},{"taxonomy":"post_tag","embeddable":true,"href":"https:\/\/encuentroinformativo.com.mx\/index.php?rest_route=%2Fwp%2Fv2%2Ftags&post=51675"}],"curies":[{"name":"wp","href":"https:\/\/api.w.org\/{rel}","templated":true}]}}