{"id":51683,"date":"2024-03-08T20:24:19","date_gmt":"2024-03-09T02:24:19","guid":{"rendered":"https:\/\/encuentroinformativo.com.mx\/?p=51683"},"modified":"2024-03-08T20:24:26","modified_gmt":"2024-03-09T02:24:26","slug":"marea-morada-en-la-zona-conurbada-veracruz-boca","status":"publish","type":"post","link":"https:\/\/encuentroinformativo.com.mx\/?p=51683","title":{"rendered":"Marea morada en la zona conurbada Veracruz &#8211; Boca"},"content":{"rendered":"\n<p><strong>Alejandro \u00c1vila<\/strong><\/p>\n\n\n\n<p>Veracruz, Ver.- Miles de mujeres salieron a las calles de la zona conurbada Veracruz &#8211;&nbsp; Boca del R\u00edo, para exigir respeto a sus derechos, a su f\u00edsico y a su vida.<\/p>\n\n\n\n<p>En dos marchas en diferentes horarios&nbsp; una en cada municipio; la primera&nbsp; en Veracruz dio inici\u00f3 a las 4 de la tarde; mientras que la segunda en el municipio de Boca del R\u00edo, comenz\u00f3 a las 6:30 de la tarde.<\/p>\n\n\n\n<p>El Colectiva Rabia camino del Tranv\u00eda del Recuerdo hacia la Antimonumenta en el Asta Bandera; mientras que el Colectiva Brujas del Mar camin\u00f3 de Plaza Dorada a la Plaza de los Valores; en ambas caminatas, las jarochas alzaron la voz este 8 de marzo, D\u00eda Internacional de la Mujer.<\/p>\n\n\n\n<p>Sin importar la edad, las mujeres salieron con pancarta en mano a las calles a gritar por las v\u00edctimas de feminicidio y violencia de g\u00e9nero.<\/p>\n\n\n\n<p>Al t\u00e9rmino de las caminatas, en los punto donde se ten\u00eda previsto culminar los recorridos, pintas con denuncias de sujetos se\u00f1alados como acosadores; adem\u00e1s se le dio voz a diversas j\u00f3venes con posicionamientos en contra de la violencia de g\u00e9nero o incluso an\u00e9cdotas sobre como han sido vulneradas en diversos sitios de Veracruz.<\/p>\n\n\n\n<figure class=\"wp-block-image size-large\"><img loading=\"lazy\" decoding=\"async\" width=\"1024\" height=\"768\" src=\"https:\/\/encuentroinformativo.com.mx\/wp-content\/uploads\/2024\/03\/IMG-20240308-WA01602-1024x768.jpg\" alt=\"\" class=\"wp-image-51685\" srcset=\"https:\/\/encuentroinformativo.com.mx\/wp-content\/uploads\/2024\/03\/IMG-20240308-WA01602-1024x768.jpg 1024w, https:\/\/encuentroinformativo.com.mx\/wp-content\/uploads\/2024\/03\/IMG-20240308-WA01602-300x225.jpg 300w, https:\/\/encuentroinformativo.com.mx\/wp-content\/uploads\/2024\/03\/IMG-20240308-WA01602-768x576.jpg 768w, https:\/\/encuentroinformativo.com.mx\/wp-content\/uploads\/2024\/03\/IMG-20240308-WA01602-1536x1153.jpg 1536w, https:\/\/encuentroinformativo.com.mx\/wp-content\/uploads\/2024\/03\/IMG-20240308-WA01602.jpg 1599w\" sizes=\"auto, (max-width: 1024px) 100vw, 1024px\" \/><\/figure>\n","protected":false},"excerpt":{"rendered":"<p>Alejandro \u00c1vila Veracruz, Ver.- Miles de mujeres salieron a las calles de la zona conurbada Veracruz &#8211;&nbsp; Boca del R\u00edo, para exigir respeto a sus derechos, a su f\u00edsico y a su vida. En dos marchas en diferentes horarios&nbsp; una en cada municipio; la primera&nbsp; en Veracruz dio inici\u00f3 a las 4 de la tarde; [&hellip;]<\/p>\n","protected":false},"author":2476,"featured_media":51684,"comment_status":"open","ping_status":"open","sticky":false,"template":"","format":"standard","meta":{"_jetpack_memberships_contains_paid_content":false,"footnotes":""},"categories":[2],"tags":[],"class_list":["post-51683","post","type-post","status-publish","format-standard","has-post-thumbnail","hentry","category-estado"],"jetpack_featured_media_url":"https:\/\/encuentroinformativo.com.mx\/wp-content\/uploads\/2024\/03\/IMG-20240308-WA0158.jpg","jetpack_sharing_enabled":true,"jetpack_likes_enabled":true,"amp_enabled":true,"_links":{"self":[{"href":"https:\/\/encuentroinformativo.com.mx\/index.php?rest_route=\/wp\/v2\/posts\/51683","targetHints":{"allow":["GET"]}}],"collection":[{"href":"https:\/\/encuentroinformativo.com.mx\/index.php?rest_route=\/wp\/v2\/posts"}],"about":[{"href":"https:\/\/encuentroinformativo.com.mx\/index.php?rest_route=\/wp\/v2\/types\/post"}],"author":[{"embeddable":true,"href":"https:\/\/encuentroinformativo.com.mx\/index.php?rest_route=\/wp\/v2\/users\/2476"}],"replies":[{"embeddable":true,"href":"https:\/\/encuentroinformativo.com.mx\/index.php?rest_route=%2Fwp%2Fv2%2Fcomments&post=51683"}],"version-history":[{"count":1,"href":"https:\/\/encuentroinformativo.com.mx\/index.php?rest_route=\/wp\/v2\/posts\/51683\/revisions"}],"predecessor-version":[{"id":51686,"href":"https:\/\/encuentroinformativo.com.mx\/index.php?rest_route=\/wp\/v2\/posts\/51683\/revisions\/51686"}],"wp:featuredmedia":[{"embeddable":true,"href":"https:\/\/encuentroinformativo.com.mx\/index.php?rest_route=\/wp\/v2\/media\/51684"}],"wp:attachment":[{"href":"https:\/\/encuentroinformativo.com.mx\/index.php?rest_route=%2Fwp%2Fv2%2Fmedia&parent=51683"}],"wp:term":[{"taxonomy":"category","embeddable":true,"href":"https:\/\/encuentroinformativo.com.mx\/index.php?rest_route=%2Fwp%2Fv2%2Fcategories&post=51683"},{"taxonomy":"post_tag","embeddable":true,"href":"https:\/\/encuentroinformativo.com.mx\/index.php?rest_route=%2Fwp%2Fv2%2Ftags&post=51683"}],"curies":[{"name":"wp","href":"https:\/\/api.w.org\/{rel}","templated":true}]}}