{"id":51691,"date":"2024-03-09T14:04:42","date_gmt":"2024-03-09T20:04:42","guid":{"rendered":"https:\/\/encuentroinformativo.com.mx\/?p=51691"},"modified":"2024-03-09T14:04:48","modified_gmt":"2024-03-09T20:04:48","slug":"inicia-manuel-huerta-proyecto-tribuna-popular-abierta","status":"publish","type":"post","link":"https:\/\/encuentroinformativo.com.mx\/?p=51691","title":{"rendered":"Inicia Manuel Huerta proyecto Tribuna Popular Abierta"},"content":{"rendered":"\n<p><strong>Alejandro \u00c1vila<\/strong><\/p>\n\n\n\n<p>Veracruz, Ver.- Con la finalidad de escuchar el sentimiento de la ciudadan\u00eda, el aspirante a la segunda f\u00f3rmula del Senado por Morena, Manuel Huerta Ladr\u00f3n de Guevara, inici\u00f3 en el puerto de Veracruz el proyecto, Tribuna Popular Abierta.<\/p>\n\n\n\n<p>De esta manera asegur\u00f3 el ex delegado de Bienestar que se busca conocer el sentimiento de la ciudadan\u00eda hacia la forma de como debe de gobernarse, priorizando el escuchar a la gente, a fin de enriquecer sus propuestas que llevar\u00e1 a la C\u00e1mara Alta.<\/p>\n\n\n\n<p>Manuel Huerta explic\u00f3 que hoy los tiempos de la transformaci\u00f3n obligan a cambiar la estrategia para que el pueblo tome realmente las decisiones de gobierno, por lo que expres\u00f3 la necesidad de que los pol\u00edticos deben de hablar menos y escuchar m\u00e1s a fin de que conozcan el sentimiento de los mexicanos.<\/p>\n\n\n\n<p>Los ciudadanos reclamaron el abandono de las autoridades municipales a las colonias populares de la ciudad de Veracruz, denunciaron que solo los han utilizado en \u00e9pocas electorales y nunca m\u00e1s volvieron a mejorar la calidad de vida de miles de familias que hoy sufren de inseguridad, marginaci\u00f3n, pobreza y carencia de servicios b\u00e1sicos como el agua potable.<\/p>\n","protected":false},"excerpt":{"rendered":"<p>Alejandro \u00c1vila Veracruz, Ver.- Con la finalidad de escuchar el sentimiento de la ciudadan\u00eda, el aspirante a la segunda f\u00f3rmula del Senado por Morena, Manuel Huerta Ladr\u00f3n de Guevara, inici\u00f3 en el puerto de Veracruz el proyecto, Tribuna Popular Abierta. De esta manera asegur\u00f3 el ex delegado de Bienestar que se busca conocer el sentimiento [&hellip;]<\/p>\n","protected":false},"author":2476,"featured_media":51692,"comment_status":"open","ping_status":"open","sticky":false,"template":"","format":"standard","meta":{"_jetpack_memberships_contains_paid_content":false,"footnotes":""},"categories":[2],"tags":[],"class_list":["post-51691","post","type-post","status-publish","format-standard","has-post-thumbnail","hentry","category-estado"],"jetpack_featured_media_url":"https:\/\/encuentroinformativo.com.mx\/wp-content\/uploads\/2024\/03\/IMG-20240309-WA0067.jpg","jetpack_sharing_enabled":true,"jetpack_likes_enabled":true,"amp_enabled":true,"_links":{"self":[{"href":"https:\/\/encuentroinformativo.com.mx\/index.php?rest_route=\/wp\/v2\/posts\/51691","targetHints":{"allow":["GET"]}}],"collection":[{"href":"https:\/\/encuentroinformativo.com.mx\/index.php?rest_route=\/wp\/v2\/posts"}],"about":[{"href":"https:\/\/encuentroinformativo.com.mx\/index.php?rest_route=\/wp\/v2\/types\/post"}],"author":[{"embeddable":true,"href":"https:\/\/encuentroinformativo.com.mx\/index.php?rest_route=\/wp\/v2\/users\/2476"}],"replies":[{"embeddable":true,"href":"https:\/\/encuentroinformativo.com.mx\/index.php?rest_route=%2Fwp%2Fv2%2Fcomments&post=51691"}],"version-history":[{"count":1,"href":"https:\/\/encuentroinformativo.com.mx\/index.php?rest_route=\/wp\/v2\/posts\/51691\/revisions"}],"predecessor-version":[{"id":51693,"href":"https:\/\/encuentroinformativo.com.mx\/index.php?rest_route=\/wp\/v2\/posts\/51691\/revisions\/51693"}],"wp:featuredmedia":[{"embeddable":true,"href":"https:\/\/encuentroinformativo.com.mx\/index.php?rest_route=\/wp\/v2\/media\/51692"}],"wp:attachment":[{"href":"https:\/\/encuentroinformativo.com.mx\/index.php?rest_route=%2Fwp%2Fv2%2Fmedia&parent=51691"}],"wp:term":[{"taxonomy":"category","embeddable":true,"href":"https:\/\/encuentroinformativo.com.mx\/index.php?rest_route=%2Fwp%2Fv2%2Fcategories&post=51691"},{"taxonomy":"post_tag","embeddable":true,"href":"https:\/\/encuentroinformativo.com.mx\/index.php?rest_route=%2Fwp%2Fv2%2Ftags&post=51691"}],"curies":[{"name":"wp","href":"https:\/\/api.w.org\/{rel}","templated":true}]}}