{"id":51694,"date":"2024-03-09T14:11:02","date_gmt":"2024-03-09T20:11:02","guid":{"rendered":"https:\/\/encuentroinformativo.com.mx\/?p=51694"},"modified":"2024-03-09T14:11:08","modified_gmt":"2024-03-09T20:11:08","slug":"asem-presenta-agenda-publico-privada-para-mejorar-condiciones-de-emprendimiento-de-mujeres","status":"publish","type":"post","link":"https:\/\/encuentroinformativo.com.mx\/?p=51694","title":{"rendered":"ASEM presenta agenda p\u00fablico-privada para mejorar condiciones de emprendimiento de mujeres"},"content":{"rendered":"\n<p>Ciudad de M\u00e9xico.- Con el foco puesto en la equidad de g\u00e9nero y la independencia econ\u00f3mica de las mujeres, la Asociaci\u00f3n de Emprendedores de M\u00e9xico (ASEM) present\u00f3 la <em>Agenda p\u00fablico-privada para mejorar las condiciones en que emprenden las mujeres y promover el desarrollo de sus empresas,<\/em> una iniciativa que busca fomentar el trabajo colaborativo entre diversos actores, tanto a nivel individual como en el sector privado y p\u00fablico.<\/p>\n\n\n\n<p>El estudio propone acciones puntuales para cuatro \u00e1reas de oportunidad detectadas: falta de acceso a financiamiento; falta de disponibilidad de tiempo para gestionar y hacer crecer la empresa; menor participaci\u00f3n de las mujeres en sectores STEAM, de alto impacto, y como contratistas de las instituciones p\u00fablicas; y falta de capacitaci\u00f3n y acompa\u00f1amiento para la gesti\u00f3n empresarial.<\/p>\n\n\n\n<p>\u201cSabemos que el emprendimiento es fundamental como herramienta de movilidad social para las mujeres y tambi\u00e9n es un paso clave para cambiar muchas otras problem\u00e1ticas como la brecha de g\u00e9nero en los ingresos e incluso los diferentes tipos de violencia como f\u00edsica, laboral y econ\u00f3mica. Para la ASEM toda iniciativa que busque hacer de M\u00e9xico un mejor pa\u00eds para emprender, hacer negocios, y fortalezca una sociedad diversa y equitativa requiere acciones afirmativas, por eso presentamos esta agenda para&nbsp; la libertad y la toma de decisiones de vida\u201d, coment\u00f3 Juana Ram\u00edrez, Presidenta del Consejo Directivo de la ASEM.<\/p>\n\n\n\n<p>Este documento fue creado por la ASEM en conjunto con el Instituto de Emprendimiento Eugenio Garza Lag\u00fcera del Tec de Monterrey, con el apoyo de&nbsp; la Fundaci\u00f3n Friedrich Naumann, como gu\u00eda para que personas y organizaciones p\u00fablicas y privadas realicen acciones que promuevan condiciones de emprendimiento m\u00e1s equitativas. Por ello, la ASEM anunci\u00f3 que buscar\u00e1 acercamientos con el sector empresarial, instituciones de gobierno, y particularmente con candidatas y candidatos a puestos p\u00fablicos en el actual periodo de campa\u00f1as, a fin de impulsar la agenda.&nbsp;<\/p>\n\n\n\n<p>\u201cLa agenda tiene un papel activo y en desarrollo, ya que no busca ser un mero documento, sino el inicio de una propuesta integral para promover una econom\u00eda de mercado en donde las personas, sin importar su g\u00e9nero, tengan condiciones para echar a andar su creatividad y sus propuestas transformadoras\u201d, coment\u00f3 Mar\u00eda Jos\u00e9 Salcedo Campos, Coordinadora de Proyecto M\u00e9xico en la Fundaci\u00f3n Friedrich Naumann.&nbsp;<\/p>\n\n\n\n<p>Por su parte, Ulrick Noel, Director Ejecutivo del Instituto de Emprendimiento Eugenio Garza Lag\u00fcera del Tec de Monterrey, coment\u00f3 que \u201clas empresas lideradas por mujeres tienen un impacto positivo en el desarrollo econ\u00f3mico y al buscar condiciones m\u00e1s equitativas para ellas, estamos contribuyendo a una sociedad m\u00e1s inclusiva, diversa y donde las propuestas de cambio pasan de ser ideas a ser acciones. Sabemos que las emprendedoras enfrentan retos grandes, uno de ellos el acceso a financiamiento, con esta agenda queremos visibilizar los problemas pero tambi\u00e9n las soluciones\u201d,&nbsp;<\/p>\n\n\n\n<p>Para la construcci\u00f3n de la agenda se analizaron pr\u00e1cticas a nivel nacional e internacional, y se tomaron en cuenta estudios como la Radiograf\u00eda del Emprendimiento en M\u00e9xico 2023: Edici\u00f3n mujeres, as\u00ed como entrevistas realizadas a representantes de destacadas instituciones que apoyan a mujeres emprendedoras y empresarias en el pa\u00eds.&nbsp;<\/p>\n\n\n\n<p>Algunas de las acciones contenidas en la agenda son:<\/p>\n\n\n\n<ul class=\"wp-block-list\"><li>Promoci\u00f3n de la existencia de, al menos, un producto para mujeres fundadoras de empresas en las instituciones financieras privadas y los programas p\u00fablicos de acceso a financiamiento.<\/li><li>Incremento de los fondos de inversi\u00f3n y redes de \u2018\u00e1ngeles inversionistas\u2019 liderados por mujeres.<\/li><li>Vinculaci\u00f3n entre las emprendedoras y los programas y productos financieros existentes con condiciones preferenciales para sus empresas.<\/li><li>Capacitaci\u00f3n y concientizaci\u00f3n para fomentar un reparto m\u00e1s equitativo de las labores dom\u00e9sticas y de cuidados.<\/li><li>Implementaci\u00f3n de campa\u00f1as medi\u00e1ticas para promover la importancia y el valor social del emprendimiento femenino y la independencia financiera.<\/li><li>Adopci\u00f3n de herramientas digitales y metodolog\u00edas para eficientar los tiempos de la gesti\u00f3n empresarial.<\/li><li>Creaci\u00f3n de espacios de vinculaci\u00f3n empresarial enfocados en integrar empresas fundadas por mujeres en los sectores STEAM.<\/li><li>Implementaci\u00f3n de programas privados de incubaci\u00f3n y aceleraci\u00f3n gratuitos o de bajo costo para apoyar a mujeres fundadoras de empresas.<\/li><li>Creaci\u00f3n de una red de mentor\u00edas y l\u00edneas de atenci\u00f3n directa para la capacitaci\u00f3n y el acompa\u00f1amiento personalizado.<\/li><li>Creaci\u00f3n de programas p\u00fablicos de educaci\u00f3n emprendedora en la educaci\u00f3n b\u00e1sica y media superior.<\/li><\/ul>\n\n\n\n<p>La agenda contiene 13 propuestas que atienden a cuatro problem\u00e1ticas identificadas, a trav\u00e9s de una cadena 33 de acciones espec\u00edficas y sus indicadores, que permitir\u00e1n establecer, medir y monitorear el impacto de cada propuesta.<\/p>\n\n\n\n<p>La <em>Agenda p\u00fablico-privada para mejorar las condiciones en que emprenden las mujeres y promover el desarrollo de sus empresas <\/em>puede consultarse sin costo en la secci\u00f3n de investigaci\u00f3n de la ASEM: <a href=\"https:\/\/asem.mx\/emprendedoras\">asem.mx\/emprendedoras<\/a>. Entre otras novedades, el documento tambi\u00e9n incluye un mapeo de instituciones especializadas en apoyar a las emprendedoras, con el fin de acercar recursos y oportunidades que contribuyan al desarrollo de sus empresas.<\/p>\n","protected":false},"excerpt":{"rendered":"<p>Ciudad de M\u00e9xico.- Con el foco puesto en la equidad de g\u00e9nero y la independencia econ\u00f3mica de las mujeres, la Asociaci\u00f3n de Emprendedores de M\u00e9xico (ASEM) present\u00f3 la Agenda p\u00fablico-privada para mejorar las condiciones en que emprenden las mujeres y promover el desarrollo de sus empresas, una iniciativa que busca fomentar el trabajo colaborativo entre [&hellip;]<\/p>\n","protected":false},"author":2476,"featured_media":51695,"comment_status":"open","ping_status":"open","sticky":false,"template":"","format":"standard","meta":{"_jetpack_memberships_contains_paid_content":false,"footnotes":""},"categories":[12],"tags":[],"class_list":["post-51694","post","type-post","status-publish","format-standard","has-post-thumbnail","hentry","category-nacional"],"jetpack_featured_media_url":"https:\/\/encuentroinformativo.com.mx\/wp-content\/uploads\/2024\/03\/Foto-ASEM-Agenda.jpeg","jetpack_sharing_enabled":true,"jetpack_likes_enabled":true,"amp_enabled":true,"_links":{"self":[{"href":"https:\/\/encuentroinformativo.com.mx\/index.php?rest_route=\/wp\/v2\/posts\/51694","targetHints":{"allow":["GET"]}}],"collection":[{"href":"https:\/\/encuentroinformativo.com.mx\/index.php?rest_route=\/wp\/v2\/posts"}],"about":[{"href":"https:\/\/encuentroinformativo.com.mx\/index.php?rest_route=\/wp\/v2\/types\/post"}],"author":[{"embeddable":true,"href":"https:\/\/encuentroinformativo.com.mx\/index.php?rest_route=\/wp\/v2\/users\/2476"}],"replies":[{"embeddable":true,"href":"https:\/\/encuentroinformativo.com.mx\/index.php?rest_route=%2Fwp%2Fv2%2Fcomments&post=51694"}],"version-history":[{"count":1,"href":"https:\/\/encuentroinformativo.com.mx\/index.php?rest_route=\/wp\/v2\/posts\/51694\/revisions"}],"predecessor-version":[{"id":51696,"href":"https:\/\/encuentroinformativo.com.mx\/index.php?rest_route=\/wp\/v2\/posts\/51694\/revisions\/51696"}],"wp:featuredmedia":[{"embeddable":true,"href":"https:\/\/encuentroinformativo.com.mx\/index.php?rest_route=\/wp\/v2\/media\/51695"}],"wp:attachment":[{"href":"https:\/\/encuentroinformativo.com.mx\/index.php?rest_route=%2Fwp%2Fv2%2Fmedia&parent=51694"}],"wp:term":[{"taxonomy":"category","embeddable":true,"href":"https:\/\/encuentroinformativo.com.mx\/index.php?rest_route=%2Fwp%2Fv2%2Fcategories&post=51694"},{"taxonomy":"post_tag","embeddable":true,"href":"https:\/\/encuentroinformativo.com.mx\/index.php?rest_route=%2Fwp%2Fv2%2Ftags&post=51694"}],"curies":[{"name":"wp","href":"https:\/\/api.w.org\/{rel}","templated":true}]}}