{"id":51707,"date":"2024-03-09T19:18:08","date_gmt":"2024-03-10T01:18:08","guid":{"rendered":"https:\/\/encuentroinformativo.com.mx\/?p=51707"},"modified":"2024-03-09T19:18:13","modified_gmt":"2024-03-10T01:18:13","slug":"inicia-venta-de-boletos-del-summer-fest-camilo-septimo-se-suma-a-line-up","status":"publish","type":"post","link":"https:\/\/encuentroinformativo.com.mx\/?p=51707","title":{"rendered":"Inicia venta de boletos del Summer Fest, Camilo S\u00e9ptimo se suma a Line Up"},"content":{"rendered":"\n<p><strong>Alejandro \u00c1vila<\/strong><\/p>\n\n\n\n<p>Veracruz, Ver.- A partir del pasado mi\u00e9rcoles 6 de marzo inici\u00f3 la venta de boletos de la primera edici\u00f3n del Summer Fest Boca del R\u00edo; evento que reciente acaba de confirmar la incorporaci\u00f3n de Camilo S\u00e9ptimo en el Line Up.<\/p>\n\n\n\n<p>Los boletos est\u00e1n en su fase 0 y se pueden adquirir en la p\u00e1gina de GP Producciones; al momento, la entrada General cuesta 750 pesos, mientras que la VIP, 1500 pesos.<\/p>\n\n\n\n<p>En dicho evento se acaba de anunciar la incorporaci\u00f3n de Camilo S\u00e9ptimo, la banda originaria de la Ciudad de M\u00e9xico que transporta a sus fan\u00e1ticos con melod\u00edas referentes al planeta Tierra y la evoluci\u00f3n de la humanidad.<\/p>\n\n\n\n<p>Camilo S\u00e9ptimo deleitar\u00e1 a sus fan\u00e1ticos con melod\u00edas como: &#8220;Mi\u00e9nteme&#8221;, &#8220;No Conf\u00edes en M\u00ed&#8221;, &#8220;Te veo en el 27&#8221;, &#8220;Vicio&#8221;, &#8220;No te Reconozco&#8221;, &#8220;Ser Humano&#8221;, &#8220;\u00d3leos&#8221;, entre otras.<\/p>\n\n\n\n<p>Es de recordar que, previamente GP Producciones y Reynoso Producciones anunciaron que para el evento que se llevar\u00e1 a cabo el 27 de julio al interior de la Expo Ganadera Ylang Ylang de Boca del R\u00edo, tambi\u00e9n se contar\u00e1 con la presencia de Belanova Enjambre, DLD y Caloncho; se estima que en pr\u00f3ximos d\u00edas se den a conocer los dos grupos restantes.<\/p>\n","protected":false},"excerpt":{"rendered":"<p>Alejandro \u00c1vila Veracruz, Ver.- A partir del pasado mi\u00e9rcoles 6 de marzo inici\u00f3 la venta de boletos de la primera edici\u00f3n del Summer Fest Boca del R\u00edo; evento que reciente acaba de confirmar la incorporaci\u00f3n de Camilo S\u00e9ptimo en el Line Up. Los boletos est\u00e1n en su fase 0 y se pueden adquirir en la [&hellip;]<\/p>\n","protected":false},"author":2476,"featured_media":51708,"comment_status":"open","ping_status":"open","sticky":false,"template":"","format":"standard","meta":{"_jetpack_memberships_contains_paid_content":false,"footnotes":""},"categories":[2],"tags":[],"class_list":["post-51707","post","type-post","status-publish","format-standard","has-post-thumbnail","hentry","category-estado"],"jetpack_featured_media_url":"https:\/\/encuentroinformativo.com.mx\/wp-content\/uploads\/2024\/03\/IMG-20240309-WA00792.jpg","jetpack_sharing_enabled":true,"jetpack_likes_enabled":true,"amp_enabled":true,"_links":{"self":[{"href":"https:\/\/encuentroinformativo.com.mx\/index.php?rest_route=\/wp\/v2\/posts\/51707","targetHints":{"allow":["GET"]}}],"collection":[{"href":"https:\/\/encuentroinformativo.com.mx\/index.php?rest_route=\/wp\/v2\/posts"}],"about":[{"href":"https:\/\/encuentroinformativo.com.mx\/index.php?rest_route=\/wp\/v2\/types\/post"}],"author":[{"embeddable":true,"href":"https:\/\/encuentroinformativo.com.mx\/index.php?rest_route=\/wp\/v2\/users\/2476"}],"replies":[{"embeddable":true,"href":"https:\/\/encuentroinformativo.com.mx\/index.php?rest_route=%2Fwp%2Fv2%2Fcomments&post=51707"}],"version-history":[{"count":1,"href":"https:\/\/encuentroinformativo.com.mx\/index.php?rest_route=\/wp\/v2\/posts\/51707\/revisions"}],"predecessor-version":[{"id":51709,"href":"https:\/\/encuentroinformativo.com.mx\/index.php?rest_route=\/wp\/v2\/posts\/51707\/revisions\/51709"}],"wp:featuredmedia":[{"embeddable":true,"href":"https:\/\/encuentroinformativo.com.mx\/index.php?rest_route=\/wp\/v2\/media\/51708"}],"wp:attachment":[{"href":"https:\/\/encuentroinformativo.com.mx\/index.php?rest_route=%2Fwp%2Fv2%2Fmedia&parent=51707"}],"wp:term":[{"taxonomy":"category","embeddable":true,"href":"https:\/\/encuentroinformativo.com.mx\/index.php?rest_route=%2Fwp%2Fv2%2Fcategories&post=51707"},{"taxonomy":"post_tag","embeddable":true,"href":"https:\/\/encuentroinformativo.com.mx\/index.php?rest_route=%2Fwp%2Fv2%2Ftags&post=51707"}],"curies":[{"name":"wp","href":"https:\/\/api.w.org\/{rel}","templated":true}]}}