{"id":51722,"date":"2024-03-09T19:54:00","date_gmt":"2024-03-10T01:54:00","guid":{"rendered":"https:\/\/encuentroinformativo.com.mx\/?p=51722"},"modified":"2024-03-09T19:54:07","modified_gmt":"2024-03-10T01:54:07","slug":"el-4-de-abril-se-conoceran-candidatos-a-diputados-locales-morena","status":"publish","type":"post","link":"https:\/\/encuentroinformativo.com.mx\/?p=51722","title":{"rendered":"El 4 de abril se conocer\u00e1n candidatos a diputados locales: Morena"},"content":{"rendered":"\n<p><strong>Dar\u00edo Pale <\/strong><\/p>\n\n\n\n<p>Xalapa, Ver.- Confirm\u00f3 que ser\u00e1 el 4 de abril cuando la comisi\u00f3n Nacional de Elecciones del instituto pol\u00edtico d\u00e9 a conocer el nombre de los candidatos y candidatas para la diputaci\u00f3n local, as\u00ed lo dio a conocer el dirigente de Morena en Veracruz, Esteban Ram\u00edrez Zepeta.<\/p>\n\n\n\n<p>En entrevista, no descart\u00f3 que haya sorpresa en la elecci\u00f3n de cuadros, especialmente porque se tendr\u00e1 que cumplir con la paridad de g\u00e9nero, adem\u00e1s, de acciones afirmativas para algunos grupos.<\/p>\n\n\n\n<p>\u201cTenemos hasta el 4 de abril para que se den a conocer los candidatos. Entonces vamos a esperar nada m\u00e1s los resultados de la encuesta porque tenemos tambi\u00e9n que nosotros ir presentando a los compa\u00f1eros, compa\u00f1eras&#8221;, se\u00f1al\u00f3.<\/p>\n\n\n\n<p>&#8220;Yo no entiendo ah\u00ed c\u00f3mo est\u00e1 muy bien el asunto de la Comisi\u00f3n Nacional de Elecciones, pero nosotros tenemos que ya empezar nuestros registros de igual manera a los compa\u00f1eros, compa\u00f1eras que van a ser nuestros candidatos. Y pues tambi\u00e9n ya esperar la fecha para el registro de nuestra candidata a la gubernatura\u201d, coment\u00f3.<\/p>\n\n\n\n<p>Dijo que el criterio de paridad pues es una cuesti\u00f3n que el propio \u00f3rgano electoral revisa y hace modificaciones, lo que ha obligado a los partidos pol\u00edticos a revisar las postulaciones.<\/p>\n\n\n\n<p>&#8220;Nosotros como partido pol\u00edtico tenemos que checar bien que se vaya cumpliendo con todos esos t\u00e9rminos. De nuestra parte como movimiento tratamos de siempre tener esa paridad y equidad con las compa\u00f1eras para que no vaya a tener una cuesti\u00f3n similar con lo que pas\u00f3 en ese sentido\u201d, inform\u00f3.<\/p>\n\n\n\n<p>Finalmente, dijo que Manuel Huerta, candidato al Senado, es ejemplo de la militancia, de seguir caminando con la frente en alto y avanzar para el bienestar del pueblo de Veracruz y de M\u00e9xico.<\/p>\n","protected":false},"excerpt":{"rendered":"<p>Dar\u00edo Pale Xalapa, Ver.- Confirm\u00f3 que ser\u00e1 el 4 de abril cuando la comisi\u00f3n Nacional de Elecciones del instituto pol\u00edtico d\u00e9 a conocer el nombre de los candidatos y candidatas para la diputaci\u00f3n local, as\u00ed lo dio a conocer el dirigente de Morena en Veracruz, Esteban Ram\u00edrez Zepeta. En entrevista, no descart\u00f3 que haya sorpresa [&hellip;]<\/p>\n","protected":false},"author":2476,"featured_media":51723,"comment_status":"open","ping_status":"open","sticky":false,"template":"","format":"standard","meta":{"_jetpack_memberships_contains_paid_content":false,"footnotes":""},"categories":[2],"tags":[],"class_list":["post-51722","post","type-post","status-publish","format-standard","has-post-thumbnail","hentry","category-estado"],"jetpack_featured_media_url":"https:\/\/encuentroinformativo.com.mx\/wp-content\/uploads\/2024\/03\/IMG-20240309-WA00932.jpg","jetpack_sharing_enabled":true,"jetpack_likes_enabled":true,"amp_enabled":true,"_links":{"self":[{"href":"https:\/\/encuentroinformativo.com.mx\/index.php?rest_route=\/wp\/v2\/posts\/51722","targetHints":{"allow":["GET"]}}],"collection":[{"href":"https:\/\/encuentroinformativo.com.mx\/index.php?rest_route=\/wp\/v2\/posts"}],"about":[{"href":"https:\/\/encuentroinformativo.com.mx\/index.php?rest_route=\/wp\/v2\/types\/post"}],"author":[{"embeddable":true,"href":"https:\/\/encuentroinformativo.com.mx\/index.php?rest_route=\/wp\/v2\/users\/2476"}],"replies":[{"embeddable":true,"href":"https:\/\/encuentroinformativo.com.mx\/index.php?rest_route=%2Fwp%2Fv2%2Fcomments&post=51722"}],"version-history":[{"count":1,"href":"https:\/\/encuentroinformativo.com.mx\/index.php?rest_route=\/wp\/v2\/posts\/51722\/revisions"}],"predecessor-version":[{"id":51724,"href":"https:\/\/encuentroinformativo.com.mx\/index.php?rest_route=\/wp\/v2\/posts\/51722\/revisions\/51724"}],"wp:featuredmedia":[{"embeddable":true,"href":"https:\/\/encuentroinformativo.com.mx\/index.php?rest_route=\/wp\/v2\/media\/51723"}],"wp:attachment":[{"href":"https:\/\/encuentroinformativo.com.mx\/index.php?rest_route=%2Fwp%2Fv2%2Fmedia&parent=51722"}],"wp:term":[{"taxonomy":"category","embeddable":true,"href":"https:\/\/encuentroinformativo.com.mx\/index.php?rest_route=%2Fwp%2Fv2%2Fcategories&post=51722"},{"taxonomy":"post_tag","embeddable":true,"href":"https:\/\/encuentroinformativo.com.mx\/index.php?rest_route=%2Fwp%2Fv2%2Ftags&post=51722"}],"curies":[{"name":"wp","href":"https:\/\/api.w.org\/{rel}","templated":true}]}}