{"id":51725,"date":"2024-03-09T20:05:05","date_gmt":"2024-03-10T02:05:05","guid":{"rendered":"https:\/\/encuentroinformativo.com.mx\/?p=51725"},"modified":"2024-03-09T20:05:12","modified_gmt":"2024-03-10T02:05:12","slug":"hechos-y-no-promesas-americo","status":"publish","type":"post","link":"https:\/\/encuentroinformativo.com.mx\/?p=51725","title":{"rendered":"Hechos y no promesas: Am\u00e9rico"},"content":{"rendered":"\n<p>Xalapa, Ver.- En un intenso recorrido realizado por la zona del Fovissste y acompa\u00f1ado por cientos de personas, Am\u00e9rico Z\u00fa\u00f1iga Mart\u00ednez, candidato a la diputaci\u00f3n federal por Xalapa, platic\u00f3 y escuch\u00f3 las diferentes demandas de la poblaci\u00f3n.<\/p>\n\n\n\n<p>En compa\u00f1\u00eda de su suplente, Rom\u00e1n Moreno, el abanderado de la coalici\u00f3n Fuerza y Coraz\u00f3n por M\u00e9xico manifest\u00f3 que acud\u00eda a dialogar y proponer.<\/p>\n\n\n\n<p>&#8220;Venimos a caminar, venimos a dar propuestas, venimos a conquistar el voto, aqu\u00ed no vamos a dar promesas, aqu\u00ed venimos con hechos&#8221;, expuso el candidato.<\/p>\n\n\n\n<p>Z\u00fa\u00f1iga Mart\u00ednez destac\u00f3 que cuando tuvo la oportunidad de ser presidente municipal se rehabilit\u00f3 la unidad habitacional Fovissste.<\/p>\n\n\n\n<p>&#8220;En mi administraci\u00f3n se rehabilit\u00f3 La Catra, hicimos todo el drenaje, sustituimos los tinacos de asbesto por tinacos modernos&#8221;, puso como ejemplo.<\/p>\n\n\n\n<p>Tambi\u00e9n salud\u00f3 a los comerciantes que se instalan en el popular tianguis de la zona, quienes lo recibieron de manera efusiva.<\/p>\n\n\n\n<p>&#8220;\u00a1Se ve, se siente, Am\u00e9rico est\u00e1 presente!&#8221;, se escuchaba a la gente corear una y otra vez durante el recorrido que hizo.<\/p>\n\n\n\n<p>Am\u00e9rico Z\u00fa\u00f1iga destac\u00f3 que \u00e9l s\u00ed tiene la calidad moral y el cr\u00e9dito social para poder estar presente y pedir el voto con hechos, no con promesas.<\/p>\n\n\n\n<p>La caminata sabatina fue un recorrido multicolor con banderines rojos, amarillos y blancos con el nombre de Am\u00e9rico.<\/p>\n\n\n\n<p>El abanderado de Fuerza y Coraz\u00f3n por Veracruz, enf\u00e1tico, se\u00f1al\u00f3 que la campa\u00f1a y la elecci\u00f3n es de la gente y la va a ganar Xalapa.<\/p>\n","protected":false},"excerpt":{"rendered":"<p>Xalapa, Ver.- En un intenso recorrido realizado por la zona del Fovissste y acompa\u00f1ado por cientos de personas, Am\u00e9rico Z\u00fa\u00f1iga Mart\u00ednez, candidato a la diputaci\u00f3n federal por Xalapa, platic\u00f3 y escuch\u00f3 las diferentes demandas de la poblaci\u00f3n. En compa\u00f1\u00eda de su suplente, Rom\u00e1n Moreno, el abanderado de la coalici\u00f3n Fuerza y Coraz\u00f3n por M\u00e9xico manifest\u00f3 [&hellip;]<\/p>\n","protected":false},"author":2476,"featured_media":51726,"comment_status":"open","ping_status":"open","sticky":false,"template":"","format":"standard","meta":{"_jetpack_memberships_contains_paid_content":false,"footnotes":""},"categories":[3],"tags":[],"class_list":["post-51725","post","type-post","status-publish","format-standard","has-post-thumbnail","hentry","category-xalapa"],"jetpack_featured_media_url":"https:\/\/encuentroinformativo.com.mx\/wp-content\/uploads\/2024\/03\/IMG-20240309-WA01692-scaled.jpg","jetpack_sharing_enabled":true,"jetpack_likes_enabled":true,"amp_enabled":true,"_links":{"self":[{"href":"https:\/\/encuentroinformativo.com.mx\/index.php?rest_route=\/wp\/v2\/posts\/51725","targetHints":{"allow":["GET"]}}],"collection":[{"href":"https:\/\/encuentroinformativo.com.mx\/index.php?rest_route=\/wp\/v2\/posts"}],"about":[{"href":"https:\/\/encuentroinformativo.com.mx\/index.php?rest_route=\/wp\/v2\/types\/post"}],"author":[{"embeddable":true,"href":"https:\/\/encuentroinformativo.com.mx\/index.php?rest_route=\/wp\/v2\/users\/2476"}],"replies":[{"embeddable":true,"href":"https:\/\/encuentroinformativo.com.mx\/index.php?rest_route=%2Fwp%2Fv2%2Fcomments&post=51725"}],"version-history":[{"count":1,"href":"https:\/\/encuentroinformativo.com.mx\/index.php?rest_route=\/wp\/v2\/posts\/51725\/revisions"}],"predecessor-version":[{"id":51727,"href":"https:\/\/encuentroinformativo.com.mx\/index.php?rest_route=\/wp\/v2\/posts\/51725\/revisions\/51727"}],"wp:featuredmedia":[{"embeddable":true,"href":"https:\/\/encuentroinformativo.com.mx\/index.php?rest_route=\/wp\/v2\/media\/51726"}],"wp:attachment":[{"href":"https:\/\/encuentroinformativo.com.mx\/index.php?rest_route=%2Fwp%2Fv2%2Fmedia&parent=51725"}],"wp:term":[{"taxonomy":"category","embeddable":true,"href":"https:\/\/encuentroinformativo.com.mx\/index.php?rest_route=%2Fwp%2Fv2%2Fcategories&post=51725"},{"taxonomy":"post_tag","embeddable":true,"href":"https:\/\/encuentroinformativo.com.mx\/index.php?rest_route=%2Fwp%2Fv2%2Ftags&post=51725"}],"curies":[{"name":"wp","href":"https:\/\/api.w.org\/{rel}","templated":true}]}}