{"id":5173,"date":"2020-08-24T09:12:18","date_gmt":"2020-08-24T14:12:18","guid":{"rendered":"https:\/\/encuentroinformativo.com\/?p=5173"},"modified":"2020-08-24T09:12:20","modified_gmt":"2020-08-24T14:12:20","slug":"morena-la-zopiloteada","status":"publish","type":"post","link":"https:\/\/encuentroinformativo.com.mx\/?p=5173","title":{"rendered":"Morena: La zopiloteada"},"content":{"rendered":"\n<p><strong>Los Pol\u00edticos<\/strong><\/p>\n\n\n\n<p><strong>Salvador Mu\u00f1oz<\/strong><br><\/p>\n\n\n\n<p>El asunto no es lo que quieres, sino para qu\u00e9 lo quieres y para qui\u00e9n lo quieres. As\u00ed se podr\u00eda definir el inter\u00e9s de Mario Delgado Carrillo, diputado federal por Morena, quien anda en pos de la dirigencia nacional del partido.<\/p>\n\n\n\n<p>Siendo el titular de la Junta de Coordinaci\u00f3n Pol\u00edtica de la Meca Legislativa, Mario Delgado Carrillo vive en una confusi\u00f3n total desde cualquier \u00e1ngulo que se le vea: act\u00faa como cuando era \u201cesa oposici\u00f3n\u201d y por ende, la confunde con visceralidad; confunde la pol\u00edtica con el acuerdo sin palabra; confunde la Jucopo, como casa de campa\u00f1a; pero en el peor de los casos, confunde el trabajo legislativo con el electoral, y si bien, al hacer un balance de la bancada de Morena se podr\u00eda decir que es favorable, porque lograron empujar iniciativas prioritarias para ellos como revocaci\u00f3n de mandato, programas sociales como derecho constitucional, la reforma educativa, y otras, s\u00f3lo baste recordar que esto se debe a una cosa simple: \u00a1Aplanadora! que en buen cristiano es Mayor\u00eda en el&nbsp; Congreso.<\/p>\n\n\n\n<p>Hay quienes consideran que sus ansias por llevar las riendas de su partido, lo han hecho descuidar el quehacer legislativo y por ello, ha tenido que \u201cdescafeinar\u201d algunas de las iniciativas morenas aunque hay otros que consideran que ello se debe tambi\u00e9n a su inmadurez pol\u00edtica que ni envuelto en papel peri\u00f3dico \u00a1pinta!<\/p>\n\n\n\n<p>Ejemplos de ello fue la intentona de otorgar facultades extraordinarias a la Unidad de Inteligencia Financiera, que afortunadamente logr\u00f3 frenar la oposici\u00f3n con base a argumentos y sobre todo, sostenidos en la Ley; otras \u201cdescafeinadas\u201d fueron las relativas a medicamentos as\u00ed como la de la Guardia Nacional; en la relativa a la Reducci\u00f3n de Prerrogativas, hasta el PT, su aliado, \u00a1vot\u00f3 en contra!<\/p>\n\n\n\n<p>Ahora que si hablamos de sus pendientes, es seguro que Mario Delgado es de los diputados que invoca el \u201cComo anillo al dedo\u201d, porque puede pretextar la pandemia y no la falta de acuerdos para resolver la extinci\u00f3n de 44 fideicomisos, la iniciativa que faculta a la SHCP para reorientar recursos en emergencias econ\u00f3micas o sanitarias, as\u00ed como la propuesta del Ejecutivo y la IP para reformar el sistema de pensiones, entre otros.<\/p>\n\n\n\n<p>S\u00ed, Mario Delgado debe dar gracias a la aplastante mayor\u00eda de su partido en el Congreso de la Uni\u00f3n porque si no, tendr\u00eda m\u00e1s problemas serios que los provocados por su inmadurez, su falta de palabra, visceralidad y es seguro que no tendr\u00eda tiempo de estar en plena campa\u00f1a por la dirigencia de Morena\u2026 aunque ahora, si hiciera un trabajo de consenso, de di\u00e1logo, de concertaci\u00f3n, ya no en la Jucopo, sino en su propia bancada, podr\u00edamos hablar que los 25 diputados federales que tiene Morena por Veracruz jalan con \u00e9l\u2026 \u00a1pero no! s\u00f3lo van con Mario los diputados de Huatusco, Papantla, C\u00f3rdoba y San Andr\u00e9s Tuxtla\u2026<\/p>\n\n\n\n<p>En tanto que en el Congreso local, los Malenos ya est\u00e1n en abierta declaraci\u00f3n delgadista: Jessica Ram\u00edrez, Le\u00f3n David (que no al rev\u00e9s, si no, el bueno ser\u00eda Jim\u00e9nez Reyes), Cristina Alarc\u00f3n, Jos\u00e9 Andr\u00e9s Castellanos, \u00c1lvarez Pellico, Ana Miriam (ya saben, donde quiera se acomoda), y por supuesto, Maleno Rosales, cabeza de grupo&#8230; Y si est\u00e1 Maleno, est\u00e1 Manuel Huerta.<\/p>\n\n\n\n<p>El deseo de Mario Delgado por la dirigencia nacional de Morena es v\u00e1lido, tan \u201cv\u00e1lido\u201d como utilizar la Jucopo para impulsar su campa\u00f1a dando prioridad a lo electoral que a lo legislativo, porque esto no es con miras al 2021, sino al 24, cuando desde la C\u00e1mara Baja y la Alta ya zopilotean al Peje\u2026<\/p>\n\n\n\n<p>El asunto no es lo que quiere Mario Delgado, sino para qu\u00e9 lo quiere y para qui\u00e9n lo quiere: para empezar a enfilar a Ricardo Monreal a la presidencia de la Rep\u00fablica. Jucopo y partido: \u00bfQu\u00e9 m\u00e1s se puede pedir?<br><\/p>\n\n\n\n<p><a href=\"mailto:smcainito@gmail.com\" target=\"_blank\" rel=\"noreferrer noopener\">smcainito@gmail.com<\/a><\/p>\n","protected":false},"excerpt":{"rendered":"<p>Los Pol\u00edticos Salvador Mu\u00f1oz El asunto no es lo que quieres, sino para qu\u00e9 lo quieres y para qui\u00e9n lo quieres. As\u00ed se podr\u00eda definir el inter\u00e9s de Mario Delgado Carrillo, diputado federal por Morena, quien anda en pos de la dirigencia nacional del partido. Siendo el titular de la Junta de Coordinaci\u00f3n Pol\u00edtica de [&hellip;]<\/p>\n","protected":false},"author":1,"featured_media":387,"comment_status":"open","ping_status":"open","sticky":false,"template":"","format":"standard","meta":{"_jetpack_memberships_contains_paid_content":false,"footnotes":""},"categories":[11],"tags":[],"class_list":["post-5173","post","type-post","status-publish","format-standard","has-post-thumbnail","hentry","category-opinion"],"jetpack_featured_media_url":"https:\/\/encuentroinformativo.com.mx\/wp-content\/uploads\/2020\/03\/7CF8A22B-2764-47BE-8F7F-38FE9E5D6A2F.jpeg","jetpack_sharing_enabled":true,"jetpack_likes_enabled":true,"amp_enabled":true,"_links":{"self":[{"href":"https:\/\/encuentroinformativo.com.mx\/index.php?rest_route=\/wp\/v2\/posts\/5173","targetHints":{"allow":["GET"]}}],"collection":[{"href":"https:\/\/encuentroinformativo.com.mx\/index.php?rest_route=\/wp\/v2\/posts"}],"about":[{"href":"https:\/\/encuentroinformativo.com.mx\/index.php?rest_route=\/wp\/v2\/types\/post"}],"author":[{"embeddable":true,"href":"https:\/\/encuentroinformativo.com.mx\/index.php?rest_route=\/wp\/v2\/users\/1"}],"replies":[{"embeddable":true,"href":"https:\/\/encuentroinformativo.com.mx\/index.php?rest_route=%2Fwp%2Fv2%2Fcomments&post=5173"}],"version-history":[{"count":1,"href":"https:\/\/encuentroinformativo.com.mx\/index.php?rest_route=\/wp\/v2\/posts\/5173\/revisions"}],"predecessor-version":[{"id":5174,"href":"https:\/\/encuentroinformativo.com.mx\/index.php?rest_route=\/wp\/v2\/posts\/5173\/revisions\/5174"}],"wp:featuredmedia":[{"embeddable":true,"href":"https:\/\/encuentroinformativo.com.mx\/index.php?rest_route=\/wp\/v2\/media\/387"}],"wp:attachment":[{"href":"https:\/\/encuentroinformativo.com.mx\/index.php?rest_route=%2Fwp%2Fv2%2Fmedia&parent=5173"}],"wp:term":[{"taxonomy":"category","embeddable":true,"href":"https:\/\/encuentroinformativo.com.mx\/index.php?rest_route=%2Fwp%2Fv2%2Fcategories&post=5173"},{"taxonomy":"post_tag","embeddable":true,"href":"https:\/\/encuentroinformativo.com.mx\/index.php?rest_route=%2Fwp%2Fv2%2Ftags&post=5173"}],"curies":[{"name":"wp","href":"https:\/\/api.w.org\/{rel}","templated":true}]}}