{"id":51731,"date":"2024-03-10T10:37:23","date_gmt":"2024-03-10T16:37:23","guid":{"rendered":"https:\/\/encuentroinformativo.com.mx\/?p=51731"},"modified":"2024-03-10T10:37:32","modified_gmt":"2024-03-10T16:37:32","slug":"aliados-de-la-democracia-americo-zuniga","status":"publish","type":"post","link":"https:\/\/encuentroinformativo.com.mx\/?p=51731","title":{"rendered":"Aliados de la democracia: Am\u00e9rico Z\u00fa\u00f1iga"},"content":{"rendered":"\n<p>Xalapa, Ver.- La sociedad civil, las c\u00e1maras empresariales, los sindicatos, organismos, los colectivos que impulsan la inclusi\u00f3n y el respeto a los derechos humanos, el PAN, el PRD, as\u00ed como el PRI son aliados de la democracia, destac\u00f3 Am\u00e9rico Z\u00fa\u00f1iga Mart\u00ednez, candidato a la diputaci\u00f3n federal por Xalapa por la coalici\u00f3n Fuerza y Coraz\u00f3n por Veracruz.<\/p>\n\n\n\n<p>Durante la toma de protesta de los integrantes del comit\u00e9 estatal del Movimiento Territorial en la sede del PRI veracruzano, el abanderado tambi\u00e9n dijo que se defiende el Estado de Derecho y la Constituci\u00f3n.<\/p>\n\n\n\n<p>En el acto, reconoci\u00f3 al nuevo coordinador general del Movimiento Territorial estatal, Patricio Chirinos del \u00c1ngel.<\/p>\n\n\n\n<p>&#8220;Escuchar de Patricio que va a defender al municipio es refrescante, porque si algo se ha atacado, adem\u00e1s de la divisi\u00f3n de poderes y de los cimientos democr\u00e1ticos, es al federalismo, han dejado a los municipios sin los fideicomisos y sin los apoyos requeridos para atender problemas como la falta de luminarias, agua, pavimentos, la seguridad, entre muchas cosas m\u00e1s&#8221;.<\/p>\n\n\n\n<p>Am\u00e9rico Z\u00fa\u00f1iga subray\u00f3 que Patricio Chirinos del \u00c1ngel le imprimir\u00e1 su sello personal al Movimiento Territorial, &#8220;el gran organismo adherente del PRI, futuro del partido, del triunfo, de Veracruz y de M\u00e9xico&#8221;.<\/p>\n\n\n\n<p>Por su parte, el dirigente nacional del MT, Erubiel Lorenzo Alonso Que, exhort\u00f3 a los ciudadanos a respaldar a Am\u00e9rico Z\u00fa\u00f1iga Mart\u00ednez, &#8220;para que sea un promotor incansable del Gobierno y de los veracruzanos, para que con su experiencia legislativa y de la administraci\u00f3n p\u00fablica pueda darle resultados a ustedes y ser un gran aliado del candidato a la gubernatura Jos\u00e9 Francisco Yunes Zorrilla&#8221;.<\/p>\n\n\n\n<p>&#8220;Vamos pues Am\u00e9rico con fuerza, con car\u00e1cter, con convicci\u00f3n, a ganar ese gran desaf\u00edo para que Veracruz vuelva a tener diputados federales aliados&#8221;, agreg\u00f3 el dirigente nacional.<\/p>\n\n\n\n<p>Finalmente, el dirigente estatal del PRI, Adolfo Ram\u00edrez Arana, se\u00f1al\u00f3 que Z\u00fa\u00f1iga Mart\u00ednez es un &#8220;diputado en tr\u00e1mite&#8221; porque va a ganar el 2 de junio y ser\u00e1 un gran representante popular.<\/p>\n","protected":false},"excerpt":{"rendered":"<p>Xalapa, Ver.- La sociedad civil, las c\u00e1maras empresariales, los sindicatos, organismos, los colectivos que impulsan la inclusi\u00f3n y el respeto a los derechos humanos, el PAN, el PRD, as\u00ed como el PRI son aliados de la democracia, destac\u00f3 Am\u00e9rico Z\u00fa\u00f1iga Mart\u00ednez, candidato a la diputaci\u00f3n federal por Xalapa por la coalici\u00f3n Fuerza y Coraz\u00f3n por [&hellip;]<\/p>\n","protected":false},"author":2476,"featured_media":51732,"comment_status":"open","ping_status":"open","sticky":false,"template":"","format":"standard","meta":{"_jetpack_memberships_contains_paid_content":false,"footnotes":""},"categories":[3],"tags":[],"class_list":["post-51731","post","type-post","status-publish","format-standard","has-post-thumbnail","hentry","category-xalapa"],"jetpack_featured_media_url":"https:\/\/encuentroinformativo.com.mx\/wp-content\/uploads\/2024\/03\/IMG-20240310-WA00082-scaled.jpg","jetpack_sharing_enabled":true,"jetpack_likes_enabled":true,"amp_enabled":true,"_links":{"self":[{"href":"https:\/\/encuentroinformativo.com.mx\/index.php?rest_route=\/wp\/v2\/posts\/51731","targetHints":{"allow":["GET"]}}],"collection":[{"href":"https:\/\/encuentroinformativo.com.mx\/index.php?rest_route=\/wp\/v2\/posts"}],"about":[{"href":"https:\/\/encuentroinformativo.com.mx\/index.php?rest_route=\/wp\/v2\/types\/post"}],"author":[{"embeddable":true,"href":"https:\/\/encuentroinformativo.com.mx\/index.php?rest_route=\/wp\/v2\/users\/2476"}],"replies":[{"embeddable":true,"href":"https:\/\/encuentroinformativo.com.mx\/index.php?rest_route=%2Fwp%2Fv2%2Fcomments&post=51731"}],"version-history":[{"count":1,"href":"https:\/\/encuentroinformativo.com.mx\/index.php?rest_route=\/wp\/v2\/posts\/51731\/revisions"}],"predecessor-version":[{"id":51733,"href":"https:\/\/encuentroinformativo.com.mx\/index.php?rest_route=\/wp\/v2\/posts\/51731\/revisions\/51733"}],"wp:featuredmedia":[{"embeddable":true,"href":"https:\/\/encuentroinformativo.com.mx\/index.php?rest_route=\/wp\/v2\/media\/51732"}],"wp:attachment":[{"href":"https:\/\/encuentroinformativo.com.mx\/index.php?rest_route=%2Fwp%2Fv2%2Fmedia&parent=51731"}],"wp:term":[{"taxonomy":"category","embeddable":true,"href":"https:\/\/encuentroinformativo.com.mx\/index.php?rest_route=%2Fwp%2Fv2%2Fcategories&post=51731"},{"taxonomy":"post_tag","embeddable":true,"href":"https:\/\/encuentroinformativo.com.mx\/index.php?rest_route=%2Fwp%2Fv2%2Ftags&post=51731"}],"curies":[{"name":"wp","href":"https:\/\/api.w.org\/{rel}","templated":true}]}}