{"id":51745,"date":"2024-03-10T19:34:37","date_gmt":"2024-03-11T01:34:37","guid":{"rendered":"https:\/\/encuentroinformativo.com.mx\/?p=51745"},"modified":"2024-03-10T19:34:43","modified_gmt":"2024-03-11T01:34:43","slug":"seguridad-para-xalapa-americo","status":"publish","type":"post","link":"https:\/\/encuentroinformativo.com.mx\/?p=51745","title":{"rendered":"Seguridad para Xalapa: Am\u00e9rico"},"content":{"rendered":"\n<p>Xalapa, Ver.- Xalape\u00f1os pidieron al candidato a la diputaci\u00f3n federal por este distrito, Am\u00e9rico Z\u00fa\u00f1iga Mart\u00ednez atender temas como la inseguridad, el agua y la reforestaci\u00f3n.<\/p>\n\n\n\n<p>Al respecto, el abanderado dijo que en la ciudad, la inseguridad nunca hab\u00eda estado tan mal como ahora y los habitantes necesitan y merecen seguridad.<\/p>\n\n\n\n<p>Durante su visita este domingo a varias zonas de la ciudad, ante colonos de la Progreso, el abanderado de la coalici\u00f3n Fuerza y Coraz\u00f3n por M\u00e9xico, manifest\u00f3 que se tienen los peores \u00edndices en robos a casa habitaci\u00f3n, narcomenudeo y feminicidios.<\/p>\n\n\n\n<p>Adem\u00e1s, refiri\u00f3 que se busca mejorar los programas sociales como el de 65 y M\u00e1s, cuya propuesta es reducir la edad de beneficiarios a los 60 a\u00f1os.<\/p>\n\n\n\n<p>En su recorrido, Z\u00fa\u00f1iga Mart\u00ednez tambi\u00e9n visit\u00f3 una tradicional carnicer\u00eda y taquer\u00eda de la emblem\u00e1tica colonia Progreso.<\/p>\n\n\n\n<p>M\u00e1s tarde, en reuni\u00f3n con vecinos de la colonia Del Periodista, los ciudadanos advirtieron que el agua se est\u00e1 acabando, por lo que urgieron a revertir la situaci\u00f3n, &#8220;M\u00e9xico se est\u00e1 desertificando&#8221;.<\/p>\n\n\n\n<p>Tambi\u00e9n le pidieron al abanderado no menospreciar a la ciencia, pues de ello depende el futuro.<\/p>\n\n\n\n<p>En el diagn\u00f3stico que se hizo de lo que ha sucedido en la ciudad, el candidato manifest\u00f3 que se carece de proyectos para dar soluciones a los temas fundamentales.<\/p>\n\n\n\n<p>Por ello, Am\u00e9rico Z\u00fa\u00f1iga hizo \u00e9nfasis en que la curul no la ocupa una persona, sino todo el distrito, toda la ciudad.<\/p>\n\n\n\n<p>&#8220;Yo les ofrezco a todos ustedes, trabajo, seriedad, honradez y presencia en el distrito, que se sepa qui\u00e9n soy, c\u00f3mo estoy trabajando, c\u00f3mo estoy votando, que no lo hago por una agenda de partido, sino que lo hago por una agenda de la gente&#8221;, agreg\u00f3 el candidato de la coalici\u00f3n Fuerza y Coraz\u00f3n por M\u00e9xico.<\/p>\n\n\n\n<p>Durante la inauguraci\u00f3n de las oficinas de la Fundaci\u00f3n Salda\u00f1a en la colonia Campo de Tiro, Am\u00e9rico Z\u00fa\u00f1iga reconoci\u00f3 el trabajo que realiza Fausto Salda\u00f1a a favor de la poblaci\u00f3n, quien se comprometi\u00f3 a trabajar por un cambio verdadero apoyando a las candidatas y candidatos del PAN, PRI y PRD a la diputaci\u00f3n federal, al Senado y a la Presidencia de la Rep\u00fablica.<\/p>\n\n\n\n<figure class=\"wp-block-image size-large\"><img loading=\"lazy\" decoding=\"async\" width=\"1024\" height=\"685\" src=\"https:\/\/encuentroinformativo.com.mx\/wp-content\/uploads\/2024\/03\/IMG-20240310-WA0032-1024x685.jpg\" alt=\"\" class=\"wp-image-51747\" srcset=\"https:\/\/encuentroinformativo.com.mx\/wp-content\/uploads\/2024\/03\/IMG-20240310-WA0032-1024x685.jpg 1024w, https:\/\/encuentroinformativo.com.mx\/wp-content\/uploads\/2024\/03\/IMG-20240310-WA0032-300x201.jpg 300w, https:\/\/encuentroinformativo.com.mx\/wp-content\/uploads\/2024\/03\/IMG-20240310-WA0032-768x513.jpg 768w, https:\/\/encuentroinformativo.com.mx\/wp-content\/uploads\/2024\/03\/IMG-20240310-WA0032.jpg 1472w\" sizes=\"auto, (max-width: 1024px) 100vw, 1024px\" \/><\/figure>\n","protected":false},"excerpt":{"rendered":"<p>Xalapa, Ver.- Xalape\u00f1os pidieron al candidato a la diputaci\u00f3n federal por este distrito, Am\u00e9rico Z\u00fa\u00f1iga Mart\u00ednez atender temas como la inseguridad, el agua y la reforestaci\u00f3n. Al respecto, el abanderado dijo que en la ciudad, la inseguridad nunca hab\u00eda estado tan mal como ahora y los habitantes necesitan y merecen seguridad. Durante su visita este [&hellip;]<\/p>\n","protected":false},"author":2476,"featured_media":51746,"comment_status":"open","ping_status":"open","sticky":false,"template":"","format":"standard","meta":{"_jetpack_memberships_contains_paid_content":false,"footnotes":""},"categories":[3],"tags":[],"class_list":["post-51745","post","type-post","status-publish","format-standard","has-post-thumbnail","hentry","category-xalapa"],"jetpack_featured_media_url":"https:\/\/encuentroinformativo.com.mx\/wp-content\/uploads\/2024\/03\/IMG-20240310-WA0028.jpg","jetpack_sharing_enabled":true,"jetpack_likes_enabled":true,"amp_enabled":true,"_links":{"self":[{"href":"https:\/\/encuentroinformativo.com.mx\/index.php?rest_route=\/wp\/v2\/posts\/51745","targetHints":{"allow":["GET"]}}],"collection":[{"href":"https:\/\/encuentroinformativo.com.mx\/index.php?rest_route=\/wp\/v2\/posts"}],"about":[{"href":"https:\/\/encuentroinformativo.com.mx\/index.php?rest_route=\/wp\/v2\/types\/post"}],"author":[{"embeddable":true,"href":"https:\/\/encuentroinformativo.com.mx\/index.php?rest_route=\/wp\/v2\/users\/2476"}],"replies":[{"embeddable":true,"href":"https:\/\/encuentroinformativo.com.mx\/index.php?rest_route=%2Fwp%2Fv2%2Fcomments&post=51745"}],"version-history":[{"count":2,"href":"https:\/\/encuentroinformativo.com.mx\/index.php?rest_route=\/wp\/v2\/posts\/51745\/revisions"}],"predecessor-version":[{"id":51749,"href":"https:\/\/encuentroinformativo.com.mx\/index.php?rest_route=\/wp\/v2\/posts\/51745\/revisions\/51749"}],"wp:featuredmedia":[{"embeddable":true,"href":"https:\/\/encuentroinformativo.com.mx\/index.php?rest_route=\/wp\/v2\/media\/51746"}],"wp:attachment":[{"href":"https:\/\/encuentroinformativo.com.mx\/index.php?rest_route=%2Fwp%2Fv2%2Fmedia&parent=51745"}],"wp:term":[{"taxonomy":"category","embeddable":true,"href":"https:\/\/encuentroinformativo.com.mx\/index.php?rest_route=%2Fwp%2Fv2%2Fcategories&post=51745"},{"taxonomy":"post_tag","embeddable":true,"href":"https:\/\/encuentroinformativo.com.mx\/index.php?rest_route=%2Fwp%2Fv2%2Ftags&post=51745"}],"curies":[{"name":"wp","href":"https:\/\/api.w.org\/{rel}","templated":true}]}}