{"id":51750,"date":"2024-03-11T10:11:14","date_gmt":"2024-03-11T16:11:14","guid":{"rendered":"https:\/\/encuentroinformativo.com.mx\/?p=51750"},"modified":"2024-03-11T08:37:24","modified_gmt":"2024-03-11T14:37:24","slug":"no-hay-que-callar-las-injusticias-angelica-sanchez","status":"publish","type":"post","link":"https:\/\/encuentroinformativo.com.mx\/?p=51750","title":{"rendered":"\u201cNo hay que callar las injusticias\u201d: Ang\u00e9lica S\u00e1nchez"},"content":{"rendered":"\n<figure class=\"wp-block-embed-youtube wp-block-embed is-type-video is-provider-youtube wp-embed-aspect-16-9 wp-has-aspect-ratio\"><div class=\"wp-block-embed__wrapper\">\n<div class=\"jetpack-video-wrapper\"><iframe loading=\"lazy\" title=\"\u201cNo hay que callar las injusticias\u201d: Ang\u00e9lica S\u00e1nchez\" width=\"640\" height=\"360\" src=\"https:\/\/www.youtube.com\/embed\/bKyx5YD0LVw?feature=oembed\" frameborder=\"0\" allow=\"accelerometer; autoplay; clipboard-write; encrypted-media; gyroscope; picture-in-picture; web-share\" referrerpolicy=\"strict-origin-when-cross-origin\" allowfullscreen><\/iframe><\/div>\n<\/div><\/figure>\n\n\n\n<p><strong>Elisa Aburto<\/strong><\/p>\n\n\n\n<p>Xalapa, Ver.- \u201cMe gusta trabajar como debe de ser, ayudar a los dem\u00e1s\u201d, as\u00ed se pronuncia Ang\u00e9lica S\u00e1nchez Hern\u00e1ndez actual candidata al Senado de la Rep\u00fablica por Movimiento Ciudadano.<\/p>\n\n\n\n<p>En entrevista para <strong>Encuentro Informativo<\/strong>, la aspirante a un esca\u00f1o y conocida con el mote de \u201cla jueza de hierro\u201d por su endereza, Ang\u00e9lica se reconoce como una mujer valiente porque as\u00ed le ense\u00f1aron sus padres.<\/p>\n\n\n\n<p>Con sus tenis fosfo &#8211; fosfo, su saco y u\u00f1as tono naranja, la candidata record\u00f3 que cuenta con una trayectoria de m\u00e1s de 25 a\u00f1os al servicio del Poder Judicial del Estado y como ella misma lo explica iniciando con cargos desde abajo; \u201cla jueza\u201d considera que su carrera judicial habla de la forma de trabajo con la que se desempe\u00f1\u00f3 como impartidora de justicia.<\/p>\n\n\n\n<p><strong>\u00bfQui\u00e9n es Ang\u00e9lica S\u00e1nchez?<\/strong><\/p>\n\n\n\n<p>-En este momento soy candidata al Senado de la Rep\u00fablica, en la segunda f\u00f3rmula por Movimiento Ciudadano. Personalmente soy una abogada penalista, nacida aqu\u00ed en Xalapa, Veracruz, habiendo trabajado 26 a\u00f1os al servicio del Poder Judicial, y actualmente desempleada.<\/p>\n\n\n\n<p>De ello habla la carrera judicial que tuve hasta el a\u00f1o pasado -prosigui\u00f3- eso habla mucho de mi manera de ser, me gusta trabajar como debe de ser, me gusta ayudar a los dem\u00e1s, no se si esto sea bueno o sea malo para algunos. &nbsp;En esta nueva etapa quiero dar lo mejor de mi, enfatiz\u00f3.<\/p>\n\n\n\n<p>Cuestionada sobre la valent\u00eda con la cual ha llevado el proceso penal que enfrenta, y el car\u00e1cter con el que se ha mantenido a pesar de las acusaciones en su contra, se\u00f1al\u00f3 que conf\u00eda en Dios y en su casa le ense\u00f1aron a no callar ante las injusticias.<\/p>\n\n\n\n<p>\u201cMis padres me ense\u00f1aron a ser valiente, a confiar primeramente en Dios, Dios es mi protector y que no hay que callar las injusticias. Entonces creo que en un primer momento levante la voz por el cuerpo de jueces de Veracruz, que desgraciadamente los tienen acallados, sometidos, condicionados\u2026 muchos me han dicho tu eres nuestra voz, tu adelante, no te doblegues; sigo en pie de lucha\u201d.<\/p>\n\n\n\n<p>-\u00bfPrueba de su valent\u00eda fue aceptar la invitaci\u00f3n para contender por un cargo de elecci\u00f3n popular?<\/p>\n\n\n\n<p>-As\u00ed es, creo que esta elecci\u00f3n que no fue nada f\u00e1cil. Porque quiero decirte que los primeros meses despu\u00e9s de mi detenci\u00f3n estuve totalmente enclaustrada en mi casa, con mucho miedo, tuve que tomar tratamiento psicol\u00f3gico para poder reflexionar un poco sobre qu\u00e9 quiero hacer con mi vida y que no puedo estar oculta, creo que tengo mucho que dar todav\u00eda, puntualiz\u00f3.<\/p>\n","protected":false},"excerpt":{"rendered":"<p>Elisa Aburto Xalapa, Ver.- \u201cMe gusta trabajar como debe de ser, ayudar a los dem\u00e1s\u201d, as\u00ed se pronuncia Ang\u00e9lica S\u00e1nchez Hern\u00e1ndez actual candidata al Senado de la Rep\u00fablica por Movimiento Ciudadano. En entrevista para Encuentro Informativo, la aspirante a un esca\u00f1o y conocida con el mote de \u201cla jueza de hierro\u201d por su endereza, Ang\u00e9lica [&hellip;]<\/p>\n","protected":false},"author":2476,"featured_media":51744,"comment_status":"open","ping_status":"open","sticky":false,"template":"","format":"standard","meta":{"_jetpack_memberships_contains_paid_content":false,"footnotes":""},"categories":[10,2],"tags":[],"class_list":["post-51750","post","type-post","status-publish","format-standard","has-post-thumbnail","hentry","category-entrevistas","category-estado"],"jetpack_featured_media_url":"https:\/\/encuentroinformativo.com.mx\/wp-content\/uploads\/2024\/03\/Photo_1710111145445.png","jetpack_sharing_enabled":true,"jetpack_likes_enabled":true,"amp_enabled":true,"_links":{"self":[{"href":"https:\/\/encuentroinformativo.com.mx\/index.php?rest_route=\/wp\/v2\/posts\/51750","targetHints":{"allow":["GET"]}}],"collection":[{"href":"https:\/\/encuentroinformativo.com.mx\/index.php?rest_route=\/wp\/v2\/posts"}],"about":[{"href":"https:\/\/encuentroinformativo.com.mx\/index.php?rest_route=\/wp\/v2\/types\/post"}],"author":[{"embeddable":true,"href":"https:\/\/encuentroinformativo.com.mx\/index.php?rest_route=\/wp\/v2\/users\/2476"}],"replies":[{"embeddable":true,"href":"https:\/\/encuentroinformativo.com.mx\/index.php?rest_route=%2Fwp%2Fv2%2Fcomments&post=51750"}],"version-history":[{"count":2,"href":"https:\/\/encuentroinformativo.com.mx\/index.php?rest_route=\/wp\/v2\/posts\/51750\/revisions"}],"predecessor-version":[{"id":51752,"href":"https:\/\/encuentroinformativo.com.mx\/index.php?rest_route=\/wp\/v2\/posts\/51750\/revisions\/51752"}],"wp:featuredmedia":[{"embeddable":true,"href":"https:\/\/encuentroinformativo.com.mx\/index.php?rest_route=\/wp\/v2\/media\/51744"}],"wp:attachment":[{"href":"https:\/\/encuentroinformativo.com.mx\/index.php?rest_route=%2Fwp%2Fv2%2Fmedia&parent=51750"}],"wp:term":[{"taxonomy":"category","embeddable":true,"href":"https:\/\/encuentroinformativo.com.mx\/index.php?rest_route=%2Fwp%2Fv2%2Fcategories&post=51750"},{"taxonomy":"post_tag","embeddable":true,"href":"https:\/\/encuentroinformativo.com.mx\/index.php?rest_route=%2Fwp%2Fv2%2Ftags&post=51750"}],"curies":[{"name":"wp","href":"https:\/\/api.w.org\/{rel}","templated":true}]}}