{"id":51756,"date":"2024-03-11T12:19:59","date_gmt":"2024-03-11T18:19:59","guid":{"rendered":"https:\/\/encuentroinformativo.com.mx\/?p=51756"},"modified":"2024-03-11T12:20:04","modified_gmt":"2024-03-11T18:20:04","slug":"confirman-expo-ganadera-ylang-ylang-2024","status":"publish","type":"post","link":"https:\/\/encuentroinformativo.com.mx\/?p=51756","title":{"rendered":"Confirman Expo Ganadera Ylang Ylang 2024"},"content":{"rendered":"\n<p><strong>Alejandro \u00c1vila<\/strong><\/p>\n\n\n\n<p>Boca del R\u00edo, Ver.- Del 10 al 26 de mayo se realizar\u00e1 la Exposici\u00f3n Ganadera Ylang Ylang en el municipio de Boca del R\u00edo, confirm\u00f3 Ren\u00e9 Loyo Garc\u00eda, presidente de la Uni\u00f3n Ganadera zona centro.<\/p>\n\n\n\n<p>En los pr\u00f3ximos d\u00edas estar\u00e1 confirmando la cartelera art\u00edstica que se presentar\u00e1 en el Teatro del Pueblo, el costo para el ingreso de los ciudadanos ser\u00e1 de 120 pesos.<\/p>\n\n\n\n<p>&#8220;Como ganaderos aqu\u00ed en la Feria siempre ha sido saldo blanco gracias a Dios, no ha habido ning\u00fan problema, pero ha habido peque\u00f1os brotes de robos en algunos compa\u00f1eros (\u2026) en diferentes municipios pero ya no tan agudo como otros a\u00f1os&#8221;, se\u00f1al\u00f3.<\/p>\n\n\n\n<p>En cu\u00e1nto a la sequ\u00eda, se\u00f1al\u00f3 que se estima que este 2024 est\u00e9 muy fuerte y ante lo cual, las Uniones Ganaderas de la entidad veracruzana se est\u00e1n preparando para ello.<\/p>\n\n\n\n<p>&#8220;Los municipios que m\u00e1s nos afecta en la zona centro es Paso de Ovejas, Medell\u00edn, un poco Jamapa, Soledad, Paso del Macho, Camar\u00f3n, Actopan tambi\u00e9n es uno de las principales&#8221;, culmin\u00f3.<\/p>\n","protected":false},"excerpt":{"rendered":"<p>Alejandro \u00c1vila Boca del R\u00edo, Ver.- Del 10 al 26 de mayo se realizar\u00e1 la Exposici\u00f3n Ganadera Ylang Ylang en el municipio de Boca del R\u00edo, confirm\u00f3 Ren\u00e9 Loyo Garc\u00eda, presidente de la Uni\u00f3n Ganadera zona centro. En los pr\u00f3ximos d\u00edas estar\u00e1 confirmando la cartelera art\u00edstica que se presentar\u00e1 en el Teatro del Pueblo, el [&hellip;]<\/p>\n","protected":false},"author":2476,"featured_media":51757,"comment_status":"open","ping_status":"open","sticky":false,"template":"","format":"standard","meta":{"_jetpack_memberships_contains_paid_content":false,"footnotes":""},"categories":[2],"tags":[],"class_list":["post-51756","post","type-post","status-publish","format-standard","has-post-thumbnail","hentry","category-estado"],"jetpack_featured_media_url":"https:\/\/encuentroinformativo.com.mx\/wp-content\/uploads\/2024\/03\/IMG-20240311-WA00322.jpg","jetpack_sharing_enabled":true,"jetpack_likes_enabled":true,"amp_enabled":true,"_links":{"self":[{"href":"https:\/\/encuentroinformativo.com.mx\/index.php?rest_route=\/wp\/v2\/posts\/51756","targetHints":{"allow":["GET"]}}],"collection":[{"href":"https:\/\/encuentroinformativo.com.mx\/index.php?rest_route=\/wp\/v2\/posts"}],"about":[{"href":"https:\/\/encuentroinformativo.com.mx\/index.php?rest_route=\/wp\/v2\/types\/post"}],"author":[{"embeddable":true,"href":"https:\/\/encuentroinformativo.com.mx\/index.php?rest_route=\/wp\/v2\/users\/2476"}],"replies":[{"embeddable":true,"href":"https:\/\/encuentroinformativo.com.mx\/index.php?rest_route=%2Fwp%2Fv2%2Fcomments&post=51756"}],"version-history":[{"count":1,"href":"https:\/\/encuentroinformativo.com.mx\/index.php?rest_route=\/wp\/v2\/posts\/51756\/revisions"}],"predecessor-version":[{"id":51758,"href":"https:\/\/encuentroinformativo.com.mx\/index.php?rest_route=\/wp\/v2\/posts\/51756\/revisions\/51758"}],"wp:featuredmedia":[{"embeddable":true,"href":"https:\/\/encuentroinformativo.com.mx\/index.php?rest_route=\/wp\/v2\/media\/51757"}],"wp:attachment":[{"href":"https:\/\/encuentroinformativo.com.mx\/index.php?rest_route=%2Fwp%2Fv2%2Fmedia&parent=51756"}],"wp:term":[{"taxonomy":"category","embeddable":true,"href":"https:\/\/encuentroinformativo.com.mx\/index.php?rest_route=%2Fwp%2Fv2%2Fcategories&post=51756"},{"taxonomy":"post_tag","embeddable":true,"href":"https:\/\/encuentroinformativo.com.mx\/index.php?rest_route=%2Fwp%2Fv2%2Ftags&post=51756"}],"curies":[{"name":"wp","href":"https:\/\/api.w.org\/{rel}","templated":true}]}}