{"id":51759,"date":"2024-03-11T12:38:20","date_gmt":"2024-03-11T18:38:20","guid":{"rendered":"https:\/\/encuentroinformativo.com.mx\/?p=51759"},"modified":"2024-03-11T12:38:25","modified_gmt":"2024-03-11T18:38:25","slug":"personas-privadas-de-libertad-podrian-interponer-recurso-para-votar-abogado","status":"publish","type":"post","link":"https:\/\/encuentroinformativo.com.mx\/?p=51759","title":{"rendered":"Personas privadas de libertad podr\u00edan interponer recurso para votar: Abogado"},"content":{"rendered":"\n<p><strong>Dar\u00edo Pale <\/strong><\/p>\n\n\n\n<p>Xalapa, Ver.- El abogado Fidel Guillermo Ordo\u00f1ez Solana dio a conocer que debido a que el gobernador Cuitl\u00e1huac Garc\u00eda Jim\u00e9nez no permitir\u00e1 que ejerzan su derecho a votar, no se descarta que personas en prisi\u00f3n preventiva recurran a recursos legales para ejercer su derecho a sufragar en las pr\u00f3ximas elecciones.<\/p>\n\n\n\n<p>En entrevista se\u00f1al\u00f3 que las m\u00e1s de 4 mil personas las que se encuentran en prisi\u00f3n preventiva a quienes el gobernador de Veracruz les est\u00e1 negando el derecho a ejercer su voto en Veracruz, no descart\u00f3 que estos ciudadanos puedan interponer alg\u00fan recurso legal para demandar su derecho.\u00a0<\/p>\n\n\n\n<p>El abogado Fidel Ordo\u00f1ez indic\u00f3 que los ciudadanos en prisi\u00f3n preventiva deber\u00e1n interponer un recurso contra la negaci\u00f3n del derecho al voto, pero adem\u00e1s los partidos pol\u00edticos pueden impugnar la decisi\u00f3n del gobernador.<\/p>\n\n\n\n<p>Record\u00f3 que mientras no haya una sentencia condenatoria por parte de un juez, quienes est\u00e1n en prisi\u00f3n preventiva tienen derecho a votar, por lo que no es justificada la negativa del Ejecutivo Estatal a permitir el llamado voto anticipado que hace el Instituto Nacional Electoral (INE).\u00a0<\/p>\n\n\n\n<p>\u201cNo se a qu\u00e9 le tiene tanto miedo el Gobernador de estar en el planteamiento de que no voten, tienen derecho a votar, obviamente al tener este derecho, ejercer esta garant\u00eda constitucional, es algo que no se puede restringir indebidamente, porque se comete una violaci\u00f3n inminente al Derecho\u201d.\u00a0<\/p>\n\n\n\n<p>En ese sentido, Ordo\u00f1ez Solana insisti\u00f3 en que quienes est\u00e1n presos en este momento, pero no tienen sentencia tienen derecho a votar y si el tema es la seguridad en los 17 penales veracruzanos, son las autoridades \u00a0las obligadas a garantizar las condiciones de seguridad en los penales para que se pueda llevar a cabo la recolecci\u00f3n del voto.\u00a0<\/p>\n\n\n\n<p>Por \u00faltimo coment\u00f3 que, \u201ces que tienen que tener la posibilidad de voto, esa forma en que se est\u00e1 estableciendo por el Instituto Nacional Electoral es que sea un voto remoto, eso significa el establecimiento de una urna y que cada reo pase uno a uno, sin que signifique que se amotinen\u201d.\u00a0<\/p>\n","protected":false},"excerpt":{"rendered":"<p>Dar\u00edo Pale Xalapa, Ver.- El abogado Fidel Guillermo Ordo\u00f1ez Solana dio a conocer que debido a que el gobernador Cuitl\u00e1huac Garc\u00eda Jim\u00e9nez no permitir\u00e1 que ejerzan su derecho a votar, no se descarta que personas en prisi\u00f3n preventiva recurran a recursos legales para ejercer su derecho a sufragar en las pr\u00f3ximas elecciones. En entrevista se\u00f1al\u00f3 [&hellip;]<\/p>\n","protected":false},"author":2476,"featured_media":51760,"comment_status":"open","ping_status":"open","sticky":false,"template":"","format":"standard","meta":{"_jetpack_memberships_contains_paid_content":false,"footnotes":""},"categories":[2],"tags":[],"class_list":["post-51759","post","type-post","status-publish","format-standard","has-post-thumbnail","hentry","category-estado"],"jetpack_featured_media_url":"https:\/\/encuentroinformativo.com.mx\/wp-content\/uploads\/2024\/03\/IMG-20240311-WA0028.jpg","jetpack_sharing_enabled":true,"jetpack_likes_enabled":true,"amp_enabled":true,"_links":{"self":[{"href":"https:\/\/encuentroinformativo.com.mx\/index.php?rest_route=\/wp\/v2\/posts\/51759","targetHints":{"allow":["GET"]}}],"collection":[{"href":"https:\/\/encuentroinformativo.com.mx\/index.php?rest_route=\/wp\/v2\/posts"}],"about":[{"href":"https:\/\/encuentroinformativo.com.mx\/index.php?rest_route=\/wp\/v2\/types\/post"}],"author":[{"embeddable":true,"href":"https:\/\/encuentroinformativo.com.mx\/index.php?rest_route=\/wp\/v2\/users\/2476"}],"replies":[{"embeddable":true,"href":"https:\/\/encuentroinformativo.com.mx\/index.php?rest_route=%2Fwp%2Fv2%2Fcomments&post=51759"}],"version-history":[{"count":1,"href":"https:\/\/encuentroinformativo.com.mx\/index.php?rest_route=\/wp\/v2\/posts\/51759\/revisions"}],"predecessor-version":[{"id":51761,"href":"https:\/\/encuentroinformativo.com.mx\/index.php?rest_route=\/wp\/v2\/posts\/51759\/revisions\/51761"}],"wp:featuredmedia":[{"embeddable":true,"href":"https:\/\/encuentroinformativo.com.mx\/index.php?rest_route=\/wp\/v2\/media\/51760"}],"wp:attachment":[{"href":"https:\/\/encuentroinformativo.com.mx\/index.php?rest_route=%2Fwp%2Fv2%2Fmedia&parent=51759"}],"wp:term":[{"taxonomy":"category","embeddable":true,"href":"https:\/\/encuentroinformativo.com.mx\/index.php?rest_route=%2Fwp%2Fv2%2Fcategories&post=51759"},{"taxonomy":"post_tag","embeddable":true,"href":"https:\/\/encuentroinformativo.com.mx\/index.php?rest_route=%2Fwp%2Fv2%2Ftags&post=51759"}],"curies":[{"name":"wp","href":"https:\/\/api.w.org\/{rel}","templated":true}]}}