{"id":51762,"date":"2024-03-11T13:27:58","date_gmt":"2024-03-11T19:27:58","guid":{"rendered":"https:\/\/encuentroinformativo.com.mx\/?p=51762"},"modified":"2024-03-11T13:28:03","modified_gmt":"2024-03-11T19:28:03","slug":"por-ingobernabilidad-piden-separar-a-ediles-del-cargo-en-lerdo-de-tejada","status":"publish","type":"post","link":"https:\/\/encuentroinformativo.com.mx\/?p=51762","title":{"rendered":"Por ingobernabilidad, piden separar a ediles del cargo en Lerdo de Tejada"},"content":{"rendered":"\n<p><strong>Dar\u00edo Pale <\/strong><\/p>\n\n\n\n<p>Xalapa, Ver.- La Comisi\u00f3n de Vecinos del municipio de Lerdo de Tejada, dio a conocer que debido a la ingobernabilidad e inseguridad, los habitantes de Lerdo exigen la separaci\u00f3n de los ediles del Ayuntamiento.<\/p>\n\n\n\n<p>En conferencia de prensa exigieron la separaci\u00f3n del cargo de los ediles del Ayuntamiento que hoy est\u00e1n al frente de la administraci\u00f3n, por no estar legalmente constituidos y por omisos, porque sab\u00edan de los abusos cometidos por la Polic\u00eda Municipal, no s\u00f3lo lo que lamentablemente ocurri\u00f3 el pasado 19 de enero de este a\u00f1o fue ejecutado de forma extrajudicial el joven Brandon Arellano Cruz, sino de otros muchos abusos.\u00a0<\/p>\n\n\n\n<p>Juan Guillermo Hern\u00e1ndez Mayoral, acompa\u00f1ado de \u00c1frica Rodr\u00edguez Reyes, Juan Carvallo Cadena, Carlos Fomperosa Sosa y su abogado, Fidel Ord\u00f3\u00f1ez Solana; exigi\u00f3 tambi\u00e9n la instalaci\u00f3n y constituci\u00f3n de un concejo municipal que escuche a los ciudadanos.<\/p>\n\n\n\n<p>Asimismo, que ante la ingobernabilidad que priva en Lerdo de Tejada, exigi\u00f3 una respuesta por parte del Congreso del Estado a fin de no transgredir la Ley y que como ciudadanos vean garantizada la seguridad como un derecho humano y que se establezca \u201cun gobierno leg\u00edtimo\u201d.<\/p>\n\n\n\n<p>Hern\u00e1ndez Mayoral expres\u00f3 que el homicidio de Brandon Arellano fue m\u00e1s una \u201cejecuci\u00f3n artera\u201d cometida flagrantemente por elementos de la Polic\u00eda Municipal bajo el mando y responsabilidad de la sindica \u00fanica, Mar\u00eda Esther Arr\u00f3niz, quien funge como presidenta municipal de manera ilegal. \u00a0<\/p>\n\n\n\n<p>\u201cEn el municipio de Lerdo de Tejada no tenemos un presidente leg\u00edtimo, ni un Cabildo legalmente constituido, lo que ha producido como consecuencia, una mala y deficiente administraci\u00f3n p\u00fablica y esto se ha traducido en inseguridad, que se ha se\u00f1alado en reiteradas ocasiones&#8221;, se\u00f1al\u00f3.<\/p>\n\n\n\n<p>&#8220;Abusos por parte de la Polic\u00eda que ilegalmente est\u00e1 a cargo de Mar\u00eda Esther Arr\u00f3niz L\u00f3pez, quien es s\u00edndica \u00fanica con funciones de presidente municipal y que por m\u00e1s de dos a\u00f1os no ha sido ratificada por el Congreso del Estado\u201d, agreg\u00f3.<\/p>\n\n\n\n<p>Por ello, acus\u00f3 a la Legislatura de ser omisa de su responsabilidad Legislativa, ya que conforme a la Ley Org\u00e1nica del Municipio Libre, en su art\u00edculo 24, t\u00edtulo VI, numerales 115, 125 fracci\u00f3n IV; nunca existi\u00f3 legalmente un presidente municipal constitucional en funciones plenas.\u00a0<\/p>\n\n\n\n<p>\u201cHemos sido discriminados y eso ha tra\u00eddo como consecuencia una crisis de gobernabilidad inminente, como fueron los hechos que afectaron la seguridad de la ciudadan\u00eda, pero que han sido consecuencia de la omisi\u00f3n del mismo Congreso y de las personas a cargo de nuestro Ayuntamiento\u201d, comento Hern\u00e1ndez Mayoral.<\/p>\n\n\n\n<p>Expuso que el pasado 5 de febrero de este a\u00f1o presentaron a los diputados un escrito acompa\u00f1ado de mil 106 firmas de vecinos y habitantes de Lerdo, as\u00ed como otro oficial de fecha 8 de marzo en donde exigen la separaci\u00f3n del cargo de los ediles.\u00a0<\/p>\n\n\n\n<p>Por su parte, el abogado Fidel Ord\u00f3\u00f1ez Solana, expres\u00f3 que la posici\u00f3n de la S\u00edndica es completamente ilegal y est\u00e1 en contra de la Ley Org\u00e1nica del Municipio Libre y la Constituci\u00f3n de Veracruz porque los diputados debieron haber convocado a elecciones extraordinarias.<\/p>\n\n\n\n<p>\u201cCosa que no se hizo y se ha permitido, durante el lapso de dos a\u00f1os el tener a alguien que no fue electo para presidente municipal con funciones de presidente municipal sin tener la ratificaci\u00f3n del Congreso. Es ilegal en todos los sentidos, debieron haberse llamado a nuevas elecciones, elegir a un nuevo presidente municipal&#8221;, inform\u00f3.<\/p>\n\n\n\n<p>Por \u00faltimo coment\u00f3 que, &#8220;la S\u00edndica es s\u00edndica constitucional, pero no presidente municipal constitucional y no est\u00e1 por ministerio de Ley, porque la Ley tampoco le permite esa figura jur\u00eddica. La responsabilidad es de la Secretar\u00eda de Gobierno por el manejo pol\u00edtico que ten\u00eda que ser y del Congreso del Estado que no hace lo que tiene que hacer: trabajar y mantener estabilidad pol\u00edtica y gobernabilidad en los ayuntamientos\u201d.<\/p>\n","protected":false},"excerpt":{"rendered":"<p>Dar\u00edo Pale Xalapa, Ver.- La Comisi\u00f3n de Vecinos del municipio de Lerdo de Tejada, dio a conocer que debido a la ingobernabilidad e inseguridad, los habitantes de Lerdo exigen la separaci\u00f3n de los ediles del Ayuntamiento. En conferencia de prensa exigieron la separaci\u00f3n del cargo de los ediles del Ayuntamiento que hoy est\u00e1n al frente [&hellip;]<\/p>\n","protected":false},"author":2476,"featured_media":51763,"comment_status":"open","ping_status":"open","sticky":false,"template":"","format":"standard","meta":{"_jetpack_memberships_contains_paid_content":false,"footnotes":""},"categories":[2],"tags":[],"class_list":["post-51762","post","type-post","status-publish","format-standard","has-post-thumbnail","hentry","category-estado"],"jetpack_featured_media_url":"https:\/\/encuentroinformativo.com.mx\/wp-content\/uploads\/2024\/03\/IMG-20240311-WA00342.jpg","jetpack_sharing_enabled":true,"jetpack_likes_enabled":true,"amp_enabled":true,"_links":{"self":[{"href":"https:\/\/encuentroinformativo.com.mx\/index.php?rest_route=\/wp\/v2\/posts\/51762","targetHints":{"allow":["GET"]}}],"collection":[{"href":"https:\/\/encuentroinformativo.com.mx\/index.php?rest_route=\/wp\/v2\/posts"}],"about":[{"href":"https:\/\/encuentroinformativo.com.mx\/index.php?rest_route=\/wp\/v2\/types\/post"}],"author":[{"embeddable":true,"href":"https:\/\/encuentroinformativo.com.mx\/index.php?rest_route=\/wp\/v2\/users\/2476"}],"replies":[{"embeddable":true,"href":"https:\/\/encuentroinformativo.com.mx\/index.php?rest_route=%2Fwp%2Fv2%2Fcomments&post=51762"}],"version-history":[{"count":1,"href":"https:\/\/encuentroinformativo.com.mx\/index.php?rest_route=\/wp\/v2\/posts\/51762\/revisions"}],"predecessor-version":[{"id":51764,"href":"https:\/\/encuentroinformativo.com.mx\/index.php?rest_route=\/wp\/v2\/posts\/51762\/revisions\/51764"}],"wp:featuredmedia":[{"embeddable":true,"href":"https:\/\/encuentroinformativo.com.mx\/index.php?rest_route=\/wp\/v2\/media\/51763"}],"wp:attachment":[{"href":"https:\/\/encuentroinformativo.com.mx\/index.php?rest_route=%2Fwp%2Fv2%2Fmedia&parent=51762"}],"wp:term":[{"taxonomy":"category","embeddable":true,"href":"https:\/\/encuentroinformativo.com.mx\/index.php?rest_route=%2Fwp%2Fv2%2Fcategories&post=51762"},{"taxonomy":"post_tag","embeddable":true,"href":"https:\/\/encuentroinformativo.com.mx\/index.php?rest_route=%2Fwp%2Fv2%2Ftags&post=51762"}],"curies":[{"name":"wp","href":"https:\/\/api.w.org\/{rel}","templated":true}]}}