{"id":51765,"date":"2024-03-11T13:37:31","date_gmt":"2024-03-11T19:37:31","guid":{"rendered":"https:\/\/encuentroinformativo.com.mx\/?p=51765"},"modified":"2024-03-11T13:37:38","modified_gmt":"2024-03-11T19:37:38","slug":"protestan-estudiantes-uv-reclaman-preinscripcion-en-linea","status":"publish","type":"post","link":"https:\/\/encuentroinformativo.com.mx\/?p=51765","title":{"rendered":"Protestan estudiantes UV, reclaman preinscripci\u00f3n en l\u00ednea"},"content":{"rendered":"\n<p><strong>Juan Arcos <\/strong><\/p>\n\n\n\n<p>Xalapa, Ver.- Estudiantes de diversas facultades de la Universidad Veracruzana (UV) protestaron y bloquearon vialidades en las inmediaciones de la Rector\u00eda, en la ciudad de Xalapa, para denunciar que de un d\u00eda a otro les negaron las preinscripciones en l\u00ednea.<\/p>\n\n\n\n<p>Los quejosos cerraron el circuito universitario Gonzalo Aguirre Beltr\u00e1n para denunciar que se sienten perjudicados por la rigidez en los horarios de clases, ya que muchos tienen trabajos o responsabilidades familiares.<\/p>\n\n\n\n<p>\u201c\u00a1Que baje el Rector, que baje el Rector!\u201d, gritaron los alumnos de las facultades de Arquitectura, Derecho, Agronom\u00eda, Contadur\u00eda y Administraci\u00f3n, entre otras.<\/p>\n\n\n\n<p>De acuerdo con el alumno Joaqu\u00edn Luna G\u00f3mez, han hecho varias peticiones a Rector\u00eda que no han sido escuchadas por parte de las autoridades universitarias.<\/p>\n\n\n\n<p>Tambi\u00e9n mencion\u00f3 que la inscripci\u00f3n en l\u00ednea les permit\u00eda elegir horarios que se ajustaran a sus necesidades y el cambio repentino les parece injusto.<\/p>\n\n\n\n<p>Los inconformes permanecer\u00e1n bloqueando la vialidad hasta ser atendidos y obtener una respuesta por parte del rector Mart\u00edn Aguilar S\u00e1nchez.<\/p>\n","protected":false},"excerpt":{"rendered":"<p>Juan Arcos Xalapa, Ver.- Estudiantes de diversas facultades de la Universidad Veracruzana (UV) protestaron y bloquearon vialidades en las inmediaciones de la Rector\u00eda, en la ciudad de Xalapa, para denunciar que de un d\u00eda a otro les negaron las preinscripciones en l\u00ednea. Los quejosos cerraron el circuito universitario Gonzalo Aguirre Beltr\u00e1n para denunciar que se [&hellip;]<\/p>\n","protected":false},"author":2476,"featured_media":51766,"comment_status":"open","ping_status":"open","sticky":false,"template":"","format":"standard","meta":{"_jetpack_memberships_contains_paid_content":false,"footnotes":""},"categories":[3],"tags":[],"class_list":["post-51765","post","type-post","status-publish","format-standard","has-post-thumbnail","hentry","category-xalapa"],"jetpack_featured_media_url":"https:\/\/encuentroinformativo.com.mx\/wp-content\/uploads\/2024\/03\/IMG_0572.jpg","jetpack_sharing_enabled":true,"jetpack_likes_enabled":true,"amp_enabled":true,"_links":{"self":[{"href":"https:\/\/encuentroinformativo.com.mx\/index.php?rest_route=\/wp\/v2\/posts\/51765","targetHints":{"allow":["GET"]}}],"collection":[{"href":"https:\/\/encuentroinformativo.com.mx\/index.php?rest_route=\/wp\/v2\/posts"}],"about":[{"href":"https:\/\/encuentroinformativo.com.mx\/index.php?rest_route=\/wp\/v2\/types\/post"}],"author":[{"embeddable":true,"href":"https:\/\/encuentroinformativo.com.mx\/index.php?rest_route=\/wp\/v2\/users\/2476"}],"replies":[{"embeddable":true,"href":"https:\/\/encuentroinformativo.com.mx\/index.php?rest_route=%2Fwp%2Fv2%2Fcomments&post=51765"}],"version-history":[{"count":1,"href":"https:\/\/encuentroinformativo.com.mx\/index.php?rest_route=\/wp\/v2\/posts\/51765\/revisions"}],"predecessor-version":[{"id":51767,"href":"https:\/\/encuentroinformativo.com.mx\/index.php?rest_route=\/wp\/v2\/posts\/51765\/revisions\/51767"}],"wp:featuredmedia":[{"embeddable":true,"href":"https:\/\/encuentroinformativo.com.mx\/index.php?rest_route=\/wp\/v2\/media\/51766"}],"wp:attachment":[{"href":"https:\/\/encuentroinformativo.com.mx\/index.php?rest_route=%2Fwp%2Fv2%2Fmedia&parent=51765"}],"wp:term":[{"taxonomy":"category","embeddable":true,"href":"https:\/\/encuentroinformativo.com.mx\/index.php?rest_route=%2Fwp%2Fv2%2Fcategories&post=51765"},{"taxonomy":"post_tag","embeddable":true,"href":"https:\/\/encuentroinformativo.com.mx\/index.php?rest_route=%2Fwp%2Fv2%2Ftags&post=51765"}],"curies":[{"name":"wp","href":"https:\/\/api.w.org\/{rel}","templated":true}]}}