{"id":51771,"date":"2024-03-11T13:45:51","date_gmt":"2024-03-11T19:45:51","guid":{"rendered":"https:\/\/encuentroinformativo.com.mx\/?p=51771"},"modified":"2024-03-11T13:45:57","modified_gmt":"2024-03-11T19:45:57","slug":"mis-gradua-a-hombres-y-mujeres-de-cursos-para-autoempleo","status":"publish","type":"post","link":"https:\/\/encuentroinformativo.com.mx\/?p=51771","title":{"rendered":"MIS gradua a hombres y mujeres de cursos para autoempleo"},"content":{"rendered":"\n<p><strong>Alejandro \u00c1vila<\/strong><\/p>\n\n\n\n<p>Veracruz, Ver.- La Fundaci\u00f3n &#8220;Mujeres de Impacto Social&#8221; (MIS), gradu\u00f3 a un total de 200 hombres y mujeres de cursos para el autoempleo.<\/p>\n\n\n\n<p>Su presidenta, Lissethe Mart\u00ednez Echeverr\u00eda, mencion\u00f3 que los graduados recibieron su certificaci\u00f3n en cursos como: Barber Shop, Maquillaje Profesional, Aplicaci\u00f3n de Pesta\u00f1as y Reposter\u00eda y Cocina.<\/p>\n\n\n\n<p>&#8220;Esto ha sido un gran trabajo, ya que durante 4 meses se est\u00e1n capacitando las personas cada semana, entonces, no es un taller, porque luego me han preguntado que si es un taller de un d\u00eda, no, es un proceso donde se desarrolla su conocimiento profesionalmente, pero aparte, lo importante de todo esto es que no es un programa federal, no es un programa estatal con fondo de alguna entidad, y mucho menos es un programa municipal, esto hablaba con toda la legitimidad de poder impulsar y desarrollar la econom\u00eda de las mujeres y empoderarlas&#8221;, puntualiz\u00f3.<\/p>\n\n\n\n<p>Lissethe Mart\u00ednez record\u00f3 que Mujeres de Impacto Social tiene una trayectoria de 10 a\u00f1os, donde se han logrado beneficiar a m\u00e1s de 10 mil familias de municipios como Medell\u00edn de Bravo, Boca del R\u00edo, Manlio Fabio Altamirano, Jamapa y Veracruz.<\/p>\n\n\n\n<p>Todas las interesadas en pertenecer a Mujeres de Impacto Social podr\u00e1n buscar mayores informes en el tel\u00e9fono 2294 708286 o en las redes sociales oficiales de la Fundaci\u00f3n.<\/p>\n","protected":false},"excerpt":{"rendered":"<p>Alejandro \u00c1vila Veracruz, Ver.- La Fundaci\u00f3n &#8220;Mujeres de Impacto Social&#8221; (MIS), gradu\u00f3 a un total de 200 hombres y mujeres de cursos para el autoempleo. Su presidenta, Lissethe Mart\u00ednez Echeverr\u00eda, mencion\u00f3 que los graduados recibieron su certificaci\u00f3n en cursos como: Barber Shop, Maquillaje Profesional, Aplicaci\u00f3n de Pesta\u00f1as y Reposter\u00eda y Cocina. &#8220;Esto ha sido un [&hellip;]<\/p>\n","protected":false},"author":2476,"featured_media":51772,"comment_status":"open","ping_status":"open","sticky":false,"template":"","format":"standard","meta":{"_jetpack_memberships_contains_paid_content":false,"footnotes":""},"categories":[2],"tags":[],"class_list":["post-51771","post","type-post","status-publish","format-standard","has-post-thumbnail","hentry","category-estado"],"jetpack_featured_media_url":"https:\/\/encuentroinformativo.com.mx\/wp-content\/uploads\/2024\/03\/IMG-20240311-WA0049.jpg","jetpack_sharing_enabled":true,"jetpack_likes_enabled":true,"amp_enabled":true,"_links":{"self":[{"href":"https:\/\/encuentroinformativo.com.mx\/index.php?rest_route=\/wp\/v2\/posts\/51771","targetHints":{"allow":["GET"]}}],"collection":[{"href":"https:\/\/encuentroinformativo.com.mx\/index.php?rest_route=\/wp\/v2\/posts"}],"about":[{"href":"https:\/\/encuentroinformativo.com.mx\/index.php?rest_route=\/wp\/v2\/types\/post"}],"author":[{"embeddable":true,"href":"https:\/\/encuentroinformativo.com.mx\/index.php?rest_route=\/wp\/v2\/users\/2476"}],"replies":[{"embeddable":true,"href":"https:\/\/encuentroinformativo.com.mx\/index.php?rest_route=%2Fwp%2Fv2%2Fcomments&post=51771"}],"version-history":[{"count":1,"href":"https:\/\/encuentroinformativo.com.mx\/index.php?rest_route=\/wp\/v2\/posts\/51771\/revisions"}],"predecessor-version":[{"id":51773,"href":"https:\/\/encuentroinformativo.com.mx\/index.php?rest_route=\/wp\/v2\/posts\/51771\/revisions\/51773"}],"wp:featuredmedia":[{"embeddable":true,"href":"https:\/\/encuentroinformativo.com.mx\/index.php?rest_route=\/wp\/v2\/media\/51772"}],"wp:attachment":[{"href":"https:\/\/encuentroinformativo.com.mx\/index.php?rest_route=%2Fwp%2Fv2%2Fmedia&parent=51771"}],"wp:term":[{"taxonomy":"category","embeddable":true,"href":"https:\/\/encuentroinformativo.com.mx\/index.php?rest_route=%2Fwp%2Fv2%2Fcategories&post=51771"},{"taxonomy":"post_tag","embeddable":true,"href":"https:\/\/encuentroinformativo.com.mx\/index.php?rest_route=%2Fwp%2Fv2%2Ftags&post=51771"}],"curies":[{"name":"wp","href":"https:\/\/api.w.org\/{rel}","templated":true}]}}