{"id":51774,"date":"2024-03-11T13:51:15","date_gmt":"2024-03-11T19:51:15","guid":{"rendered":"https:\/\/encuentroinformativo.com.mx\/?p=51774"},"modified":"2024-03-11T13:51:21","modified_gmt":"2024-03-11T19:51:21","slug":"culpan-a-empresas-por-escasez-de-agua-en-coatepec","status":"publish","type":"post","link":"https:\/\/encuentroinformativo.com.mx\/?p=51774","title":{"rendered":"Culpan a empresas por escasez de agua en Coatepec"},"content":{"rendered":"\n<p><strong>Juan Arcos <\/strong><\/p>\n\n\n\n<p>Coatepec, Ver.- Las empresas Nestl\u00e9 y Coca Cola han provocado una sequ\u00eda y el tandeo del agua en la regi\u00f3n de Coatepec, se\u00f1al\u00f3 el ambientalista Guillermo Rodr\u00edguez Curiel, quien es vecino de la zona y ha padecido el desabasto durante los \u00faltimos a\u00f1os.<\/p>\n\n\n\n<p>El integrante de la Asamblea Veracruzana de Iniciativas y Defensa Ambiental (Lavida) indic\u00f3 que la desaparici\u00f3n de cafetales de sombra, debido al desplazamiento por parte de las grandes empresas, como Nestl\u00e9, tambi\u00e9n ha contribuido a la escasez de agua.<\/p>\n\n\n\n<p>Nestl\u00e9 se instal\u00f3 en la localidad La Ordu\u00f1a. Coatepec, desde 1954 y para algunos se ha convertido en un pilar de la econom\u00eda en la regi\u00f3n, pues al procesar leche en distintas presentaciones fomenta la producci\u00f3n ganadera y la generaci\u00f3n de empleos.<\/p>\n\n\n\n<p>&#8220;En este caso aqu\u00ed en Coatepec tenemos una planta procesadora que ha dejado pr\u00e1cticamente con tandeo permanente al pueblo de La Ordu\u00f1a, a esta congregaci\u00f3n. Cabe destacar que no solamente est\u00e1 esta empresa Nestl\u00e9, tambi\u00e9n est\u00e1 la otra empresa que es responsable de la sequ\u00eda y el tandeo. Nosotros decimos que la Nestl\u00e9 y la Coca-Cola han provocado el saqueo del agua, no es sequ\u00eda, es saqueo\u201d, expres\u00f3 el activista.<\/p>\n\n\n\n<p>La falta de agua es constante en las comunidades aleda\u00f1as a la planta de Nestl\u00e9: El Grande y La Ordu\u00f1a. En la zona tambi\u00e9n se prev\u00e9n da\u00f1os ambientales por la construcci\u00f3n de la segunda etapa del libramiento de Coatepec.<\/p>\n\n\n\n<p>\u201cSe suma la construcci\u00f3n del libramiento Xalapa-Coatepec y el aumento de temperaturas, lo que podr\u00eda llevar a un desarrollo urbano desquiciado y mayor escasez de agua si no se protegen los cafetales y bosques de la regi\u00f3n\u201d.<\/p>\n\n\n\n<p>En julio de 2022 se inaugur\u00f3 una segunda f\u00e1brica de Nestl\u00e9, la cual fue construida en Santa Rita, municipio de Veracruz, siendo la planta m\u00e1s sustentable con 340 millones de pesos, donde se produce caf\u00e9 robusta y ha provocado una sequ\u00eda debido a la explotaci\u00f3n de los mantos acu\u00edferos.<\/p>\n\n\n\n<p>El grupo encargado de la concesi\u00f3n del agua (Grupo MAS) busca hacer una tercera toma del r\u00edo Cotaxla para abatir la sequ\u00eda, pero los habitantes de La Esperanza se oponen.<\/p>\n\n\n\n<p>\u201cEl problema de Veracruz puerto est\u00e1 m\u00e1s que demostrado que es esta explotaci\u00f3n de los mantos acu\u00edferos lo que tiene a Veracruz sin agua. De modo tal que hoy el grupo m\u00e1s que tiene la concesi\u00f3n para privatizar el agua de Veracruz Puerto, Medell\u00edn y Boca del R\u00edo, pues est\u00e1 buscando de manera irregular hacer una tercera toma del R\u00edo Cotaxtla para seg\u00fan ellos abatir la sequ\u00eda y esta falta de agua que se vive en Veracruz Puerto. Sin embargo los habitantes de La Esperanza, municipio de Medell\u00edn\u201d, refiri\u00f3 Guillermo Rodr\u00edguez.<\/p>\n\n\n\n<p>En enero pasado, el presidente de la Rep\u00fablica, Andr\u00e9s Manuel L\u00f3pez Obrador, dio a conocer que ser\u00edan supervisadas las empresas Nestl\u00e9 y Coca Cola por dejar sin agua a Coatepec.<\/p>\n","protected":false},"excerpt":{"rendered":"<p>Juan Arcos Coatepec, Ver.- Las empresas Nestl\u00e9 y Coca Cola han provocado una sequ\u00eda y el tandeo del agua en la regi\u00f3n de Coatepec, se\u00f1al\u00f3 el ambientalista Guillermo Rodr\u00edguez Curiel, quien es vecino de la zona y ha padecido el desabasto durante los \u00faltimos a\u00f1os. El integrante de la Asamblea Veracruzana de Iniciativas y Defensa [&hellip;]<\/p>\n","protected":false},"author":2476,"featured_media":51775,"comment_status":"open","ping_status":"open","sticky":false,"template":"","format":"standard","meta":{"_jetpack_memberships_contains_paid_content":false,"footnotes":""},"categories":[8],"tags":[],"class_list":["post-51774","post","type-post","status-publish","format-standard","has-post-thumbnail","hentry","category-region"],"jetpack_featured_media_url":"https:\/\/encuentroinformativo.com.mx\/wp-content\/uploads\/2024\/03\/IMG_2369.jpg","jetpack_sharing_enabled":true,"jetpack_likes_enabled":true,"amp_enabled":true,"_links":{"self":[{"href":"https:\/\/encuentroinformativo.com.mx\/index.php?rest_route=\/wp\/v2\/posts\/51774","targetHints":{"allow":["GET"]}}],"collection":[{"href":"https:\/\/encuentroinformativo.com.mx\/index.php?rest_route=\/wp\/v2\/posts"}],"about":[{"href":"https:\/\/encuentroinformativo.com.mx\/index.php?rest_route=\/wp\/v2\/types\/post"}],"author":[{"embeddable":true,"href":"https:\/\/encuentroinformativo.com.mx\/index.php?rest_route=\/wp\/v2\/users\/2476"}],"replies":[{"embeddable":true,"href":"https:\/\/encuentroinformativo.com.mx\/index.php?rest_route=%2Fwp%2Fv2%2Fcomments&post=51774"}],"version-history":[{"count":1,"href":"https:\/\/encuentroinformativo.com.mx\/index.php?rest_route=\/wp\/v2\/posts\/51774\/revisions"}],"predecessor-version":[{"id":51776,"href":"https:\/\/encuentroinformativo.com.mx\/index.php?rest_route=\/wp\/v2\/posts\/51774\/revisions\/51776"}],"wp:featuredmedia":[{"embeddable":true,"href":"https:\/\/encuentroinformativo.com.mx\/index.php?rest_route=\/wp\/v2\/media\/51775"}],"wp:attachment":[{"href":"https:\/\/encuentroinformativo.com.mx\/index.php?rest_route=%2Fwp%2Fv2%2Fmedia&parent=51774"}],"wp:term":[{"taxonomy":"category","embeddable":true,"href":"https:\/\/encuentroinformativo.com.mx\/index.php?rest_route=%2Fwp%2Fv2%2Fcategories&post=51774"},{"taxonomy":"post_tag","embeddable":true,"href":"https:\/\/encuentroinformativo.com.mx\/index.php?rest_route=%2Fwp%2Fv2%2Ftags&post=51774"}],"curies":[{"name":"wp","href":"https:\/\/api.w.org\/{rel}","templated":true}]}}