{"id":51777,"date":"2024-03-11T13:58:04","date_gmt":"2024-03-11T19:58:04","guid":{"rendered":"https:\/\/encuentroinformativo.com.mx\/?p=51777"},"modified":"2024-03-11T13:58:10","modified_gmt":"2024-03-11T19:58:10","slug":"reinstala-poder-judicial-a-jueces-por-extincion-de-salas","status":"publish","type":"post","link":"https:\/\/encuentroinformativo.com.mx\/?p=51777","title":{"rendered":"Reinstala Poder Judicial a jueces por extinci\u00f3n de salas"},"content":{"rendered":"\n<p><strong>Dar\u00edo Pale <\/strong><\/p>\n\n\n\n<p>Xalapa, Ver.- Ya fueron reinstalados jueces por extinci\u00f3n de Salas en el Poder Judicial de Veracruz, as\u00ed lo inform\u00f3 la magistrada presidenta del Poder Judicial en Veracruz, Lizbeth Aurelia Jim\u00e9nez Aguirre.<\/p>\n\n\n\n<p>En entrevista se\u00f1al\u00f3 que, m\u00e1s de 17 jueces y juezas que se encontraban en salas familiares y micro regionales que recientemente desaparecieron fueron reinstalados por la desaparici\u00f3n de algunas salas.<\/p>\n\n\n\n<p>El Poder Judicial est\u00e1 por concluir la reinstalaci\u00f3n de los jueces que recurrieron a amparos por desaparici\u00f3n de algunas salas.<\/p>\n\n\n\n<p>&#8220;No se han corrido jueces ten\u00edamos jueces familiares y microregionales que en su momento se desaparecieron se fueron al amparo eran como 17. Hasta este momento pr\u00e1cticamente todos reinstalandos. Estamos en la recta final&#8221;, se\u00f1al\u00f3.<\/p>\n\n\n\n<p>Explic\u00f3 que hab\u00eda jueces que por la v\u00eda de amparo segu\u00edan recibiendo salario, pero no estaban trabajando, entonces fueron llamados de nueva cuenta, pues hac\u00edan falta en otras salas.\u00a0<\/p>\n\n\n\n<p>Finalmente por otro lado, dijo qu\u00e9 hay otros jueves \u00a0a los que no se les removi\u00f3 su contrato porque est\u00e1n suspendidos debido a acciones administrativas.<\/p>\n","protected":false},"excerpt":{"rendered":"<p>Dar\u00edo Pale Xalapa, Ver.- Ya fueron reinstalados jueces por extinci\u00f3n de Salas en el Poder Judicial de Veracruz, as\u00ed lo inform\u00f3 la magistrada presidenta del Poder Judicial en Veracruz, Lizbeth Aurelia Jim\u00e9nez Aguirre. En entrevista se\u00f1al\u00f3 que, m\u00e1s de 17 jueces y juezas que se encontraban en salas familiares y micro regionales que recientemente desaparecieron [&hellip;]<\/p>\n","protected":false},"author":2476,"featured_media":51778,"comment_status":"open","ping_status":"open","sticky":false,"template":"","format":"standard","meta":{"_jetpack_memberships_contains_paid_content":false,"footnotes":""},"categories":[2],"tags":[],"class_list":["post-51777","post","type-post","status-publish","format-standard","has-post-thumbnail","hentry","category-estado"],"jetpack_featured_media_url":"https:\/\/encuentroinformativo.com.mx\/wp-content\/uploads\/2024\/03\/IMG-20240307-WA01442.jpg","jetpack_sharing_enabled":true,"jetpack_likes_enabled":true,"amp_enabled":true,"_links":{"self":[{"href":"https:\/\/encuentroinformativo.com.mx\/index.php?rest_route=\/wp\/v2\/posts\/51777","targetHints":{"allow":["GET"]}}],"collection":[{"href":"https:\/\/encuentroinformativo.com.mx\/index.php?rest_route=\/wp\/v2\/posts"}],"about":[{"href":"https:\/\/encuentroinformativo.com.mx\/index.php?rest_route=\/wp\/v2\/types\/post"}],"author":[{"embeddable":true,"href":"https:\/\/encuentroinformativo.com.mx\/index.php?rest_route=\/wp\/v2\/users\/2476"}],"replies":[{"embeddable":true,"href":"https:\/\/encuentroinformativo.com.mx\/index.php?rest_route=%2Fwp%2Fv2%2Fcomments&post=51777"}],"version-history":[{"count":1,"href":"https:\/\/encuentroinformativo.com.mx\/index.php?rest_route=\/wp\/v2\/posts\/51777\/revisions"}],"predecessor-version":[{"id":51779,"href":"https:\/\/encuentroinformativo.com.mx\/index.php?rest_route=\/wp\/v2\/posts\/51777\/revisions\/51779"}],"wp:featuredmedia":[{"embeddable":true,"href":"https:\/\/encuentroinformativo.com.mx\/index.php?rest_route=\/wp\/v2\/media\/51778"}],"wp:attachment":[{"href":"https:\/\/encuentroinformativo.com.mx\/index.php?rest_route=%2Fwp%2Fv2%2Fmedia&parent=51777"}],"wp:term":[{"taxonomy":"category","embeddable":true,"href":"https:\/\/encuentroinformativo.com.mx\/index.php?rest_route=%2Fwp%2Fv2%2Fcategories&post=51777"},{"taxonomy":"post_tag","embeddable":true,"href":"https:\/\/encuentroinformativo.com.mx\/index.php?rest_route=%2Fwp%2Fv2%2Ftags&post=51777"}],"curies":[{"name":"wp","href":"https:\/\/api.w.org\/{rel}","templated":true}]}}