{"id":51786,"date":"2024-03-11T16:15:32","date_gmt":"2024-03-11T22:15:32","guid":{"rendered":"https:\/\/encuentroinformativo.com.mx\/?p=51786"},"modified":"2024-03-11T16:15:37","modified_gmt":"2024-03-11T22:15:37","slug":"se-destapa-quimico-canela-para-secretaria-del-sindicato-del-seguro-social","status":"publish","type":"post","link":"https:\/\/encuentroinformativo.com.mx\/?p=51786","title":{"rendered":"Se destapa qu\u00edmico &#8220;Canela&#8221; para secretar\u00eda del Sindicato del Seguro Social"},"content":{"rendered":"\n<p><strong>Dar\u00edo Pale <\/strong><\/p>\n\n\n\n<p>Xalapa, Ver.- Se destapa el qu\u00edmico Carlos Canela Ram\u00edrez como aspirante a la Secretar\u00eda General de la Secci\u00f3n IX Veracruz-Norte del Sindicato Nacional de Trabajadores del Seguro Social SNTSS, ante la asistencia de m\u00e1s de mil de sus compa\u00f1eros del gremio.<\/p>\n\n\n\n<p>Ha dicho evento asistieron representantes de centros administrativos, \u00c1reas de Gobierno, UMF y HGZ de diferentes municipios y de la organizaci\u00f3n sindical como Catemaco, San Andr\u00e9s Tuxtla, Santiago Tuxtla, Tres Zapotes, \u00c1ngel R. Cabada, Saltabarranca, Lerdo de Tejada, Alvarado, Boca del R\u00edo, Veracruz, Tejer\u00eda, Cardel, Xalapa, Coatepec, Mart\u00ednez de la Torre, Tuxpan, Poza Rica, Papantla, Plan de Arroyo, P\u00e1nuco, Tantoyuca, Huayacocotla, Chicontepec, entre otras.<\/p>\n\n\n\n<p>En su mensaje, Carlos Canela mencion\u00f3 que se respeta \u00a0la estructura de la Secci\u00f3n IX Veracruz-Norte del SNTSS y del marco estatutario \u00a0que rige la vida interna del sindicato y este no se violenta, porque forma parte fundamental como instrumento de los 242 delegados representantes en toda la secci\u00f3n, los 14 mil trabajadores base importante de la organizaci\u00f3n sindical. \u00a0<\/p>\n\n\n\n<p>&#8220;Y tambi\u00e9n lo digo, si la parte institucional se quiere pasar de tueste, le vamos a demostrar de que estamos hechos, ya una vez lo hicimos y sabemos como hacerlo con conocimiento de causa dentro del marco jur\u00eddico, con negociaci\u00f3n, cosertaci\u00f3n con di\u00e1logo&#8221;, se\u00f1al\u00f3.<\/p>\n\n\n\n<p>El aspirante dio a conocer parte de su curriculum dentro de la organizaci\u00f3n sindical, en 1991 inici\u00f3 en Lerdo de Tejada, posteriormente lleg\u00f3 de cambio al Puerto de Veracruz, fue entonces que vieron en Carlos Canela la seriedad, formalidad y compa\u00f1erismo, lo llaman a participar en la organizaci\u00f3n sindical en 1996-1997 con la cartera de Asuntos T\u00e9cnicos, cuando en aquellos tiempos la gesti\u00f3n era de dos a\u00f1os.\u00a0<\/p>\n\n\n\n<p>De nueva cuenta lo llaman a participar y arm\u00f3 su equipo de trabajo quedando como secretario general delegacional, en los pr\u00f3ximos a\u00f1os de nuevo fue secretario general, hombre de experiencia y gran val\u00eda quien en varias ocasiones ha sido congresista y consejero.\u00a0<\/p>\n\n\n\n<p>Dijo que en su momento el voto se conquistar\u00e1 &#8220;con humildad, trabajo, firmeza y determinaci\u00f3n hacia nuestra organizaci\u00f3n sindical, porque los beneficios son para todos, no nada m\u00e1s para unos cuantos y vamos a trabajar con la palabra Unidad y nuestro color Blanco&#8221;.\u00a0<\/p>\n\n\n\n<p>Record\u00f3 que la convocatoria para dicha contienda saldr\u00e1 en el mes de junio y los registros se tienen considerado para ese mismo mes aproximadamente, no obstante dijo que se tiene una organizaci\u00f3n s\u00f3lida, transparente y fuerte, con cada d\u00eda m\u00e1s logros y se va a trabajar con una sola palabra clave Unidad.\u00a0<\/p>\n\n\n\n<p>&#8220;Quiero decirles, que gracias a la voluntad de mi padre Dios, Canela no est\u00e1 enfermo, Canela se siente al cien, Canela esta ching\u00f3n de salud, Canela cuenta con salud, porque esto ya huele a Canela&#8221;, coment\u00f3.<\/p>\n\n\n\n<p>&#8220;Y siempre he recibido a todos mis compa\u00f1eros con gusto, con alegr\u00eda y poni\u00e9ndome en el lugar de cada uno de ellos cuando vamos a aterrizar un trabajo, ese es el secreto de estar tranquilo, ecu\u00e1nime pero resolutivo, con determinaci\u00f3n y firmeza como mande la organizaci\u00f3n sindical&#8221;, agreg\u00f3.<\/p>\n\n\n\n<p>Subray\u00f3 que el sindicato no est\u00e1 improvisado, todo est\u00e1 escrito, se tiene que recapitular y ganar muchas cosas, &#8220;vamos avanzando hombro con hombro y vamos a ganar, con negociaci\u00f3n y di\u00e1logo. Por eso el apellido Canela es&#8230;.. Capacitaci\u00f3n-Negociaci\u00f3n-Laboral y vamos por el contrato colectivo y m\u00e1s prestaciones&#8221;, culmin\u00f3.<\/p>\n","protected":false},"excerpt":{"rendered":"<p>Dar\u00edo Pale Xalapa, Ver.- Se destapa el qu\u00edmico Carlos Canela Ram\u00edrez como aspirante a la Secretar\u00eda General de la Secci\u00f3n IX Veracruz-Norte del Sindicato Nacional de Trabajadores del Seguro Social SNTSS, ante la asistencia de m\u00e1s de mil de sus compa\u00f1eros del gremio. Ha dicho evento asistieron representantes de centros administrativos, \u00c1reas de Gobierno, UMF [&hellip;]<\/p>\n","protected":false},"author":2476,"featured_media":51787,"comment_status":"open","ping_status":"open","sticky":false,"template":"","format":"standard","meta":{"_jetpack_memberships_contains_paid_content":false,"footnotes":""},"categories":[9],"tags":[],"class_list":["post-51786","post","type-post","status-publish","format-standard","has-post-thumbnail","hentry","category-salud"],"jetpack_featured_media_url":"https:\/\/encuentroinformativo.com.mx\/wp-content\/uploads\/2024\/03\/IMG-20240311-WA0098.jpg","jetpack_sharing_enabled":true,"jetpack_likes_enabled":true,"amp_enabled":true,"_links":{"self":[{"href":"https:\/\/encuentroinformativo.com.mx\/index.php?rest_route=\/wp\/v2\/posts\/51786","targetHints":{"allow":["GET"]}}],"collection":[{"href":"https:\/\/encuentroinformativo.com.mx\/index.php?rest_route=\/wp\/v2\/posts"}],"about":[{"href":"https:\/\/encuentroinformativo.com.mx\/index.php?rest_route=\/wp\/v2\/types\/post"}],"author":[{"embeddable":true,"href":"https:\/\/encuentroinformativo.com.mx\/index.php?rest_route=\/wp\/v2\/users\/2476"}],"replies":[{"embeddable":true,"href":"https:\/\/encuentroinformativo.com.mx\/index.php?rest_route=%2Fwp%2Fv2%2Fcomments&post=51786"}],"version-history":[{"count":1,"href":"https:\/\/encuentroinformativo.com.mx\/index.php?rest_route=\/wp\/v2\/posts\/51786\/revisions"}],"predecessor-version":[{"id":51788,"href":"https:\/\/encuentroinformativo.com.mx\/index.php?rest_route=\/wp\/v2\/posts\/51786\/revisions\/51788"}],"wp:featuredmedia":[{"embeddable":true,"href":"https:\/\/encuentroinformativo.com.mx\/index.php?rest_route=\/wp\/v2\/media\/51787"}],"wp:attachment":[{"href":"https:\/\/encuentroinformativo.com.mx\/index.php?rest_route=%2Fwp%2Fv2%2Fmedia&parent=51786"}],"wp:term":[{"taxonomy":"category","embeddable":true,"href":"https:\/\/encuentroinformativo.com.mx\/index.php?rest_route=%2Fwp%2Fv2%2Fcategories&post=51786"},{"taxonomy":"post_tag","embeddable":true,"href":"https:\/\/encuentroinformativo.com.mx\/index.php?rest_route=%2Fwp%2Fv2%2Ftags&post=51786"}],"curies":[{"name":"wp","href":"https:\/\/api.w.org\/{rel}","templated":true}]}}