{"id":51789,"date":"2024-03-11T17:00:20","date_gmt":"2024-03-11T23:00:20","guid":{"rendered":"https:\/\/encuentroinformativo.com.mx\/?p=51789"},"modified":"2024-03-11T17:00:29","modified_gmt":"2024-03-11T23:00:29","slug":"se-investiga-presunta-explotacion-de-menores-en-martinez-de-la-torre","status":"publish","type":"post","link":"https:\/\/encuentroinformativo.com.mx\/?p=51789","title":{"rendered":"Se investiga presunta explotaci\u00f3n de menores en Mart\u00ednez de la Torre"},"content":{"rendered":"\n<p><strong>Dar\u00edo Pale <\/strong><\/p>\n\n\n\n<p>Xalapa, Ver.- La pareja detenida en la regi\u00f3n de Mart\u00ednez de la Torre, manten\u00edan secuestrados a dos menores, lo cual es abuso y probable explotaci\u00f3n de menores y trata, as\u00ed lo dio a conocer el gobernador Cuitl\u00e1huac Garc\u00eda Jim\u00e9nez.<\/p>\n\n\n\n<p>En conferencia de prensa inform\u00f3 que la detenci\u00f3n de un hombre y una mujer en la regi\u00f3n de Mart\u00ednez de la Torre, obedeci\u00f3 a una investigaci\u00f3n donde se involucra el presunto secuestro de dos menores, abuso y explotaci\u00f3n, adem\u00e1s de trata.<\/p>\n\n\n\n<p>&#8220;Pensaban que no hab\u00eda nadie que los defendiera, es un caso de privaci\u00f3n de la libertad, pero por lo investigado a trav\u00e9s de la propia Fiscal\u00eda \u00a0general del estado hay un abuso de menores y una probable explotaci\u00f3n infantil que pudiera hacer \u00a0 la\u00a0gravedad de este asunto&#8221;, se\u00f1al\u00f3.<\/p>\n\n\n\n<p>El gobernador, critic\u00f3 al grupo de ciudadanos que protest\u00f3 en Tlapacoyan cerrando la carretera.<\/p>\n\n\n\n<p>&#8220;La detenci\u00f3n de esta pareja y tomaron varias veces la carretera por varias horas, \u00a0vean la gravedad del asunto que ten\u00eda retenido privado de la libertad encerrados a dos menores de que probablemente es el delito de privaci\u00f3n de la libertad se investiga y se ven otros indicios y otros delitos muy graves que podr\u00eda ser como les digo el abuso de menores y la probable explotaci\u00f3n infantil para cuestiones puede ser laboral o de trata&#8221;, coment\u00f3.<\/p>\n\n\n\n<p>Por lo que la Fiscal\u00eda mantiene las investigaciones, la semana pasada la FGE, detuvo a dos personas por lo que un \u00a0grupo de habitantes de este municipio bloque\u00f3 la carretera federal Atzalan-Tlapacoyan en se\u00f1al de protesta.<\/p>\n","protected":false},"excerpt":{"rendered":"<p>Dar\u00edo Pale Xalapa, Ver.- La pareja detenida en la regi\u00f3n de Mart\u00ednez de la Torre, manten\u00edan secuestrados a dos menores, lo cual es abuso y probable explotaci\u00f3n de menores y trata, as\u00ed lo dio a conocer el gobernador Cuitl\u00e1huac Garc\u00eda Jim\u00e9nez. En conferencia de prensa inform\u00f3 que la detenci\u00f3n de un hombre y una mujer [&hellip;]<\/p>\n","protected":false},"author":2476,"featured_media":45686,"comment_status":"open","ping_status":"open","sticky":false,"template":"","format":"standard","meta":{"_jetpack_memberships_contains_paid_content":false,"footnotes":""},"categories":[14],"tags":[],"class_list":["post-51789","post","type-post","status-publish","format-standard","has-post-thumbnail","hentry","category-policiaca"],"jetpack_featured_media_url":"https:\/\/encuentroinformativo.com.mx\/wp-content\/uploads\/2023\/09\/IMG_6019.jpg","jetpack_sharing_enabled":true,"jetpack_likes_enabled":true,"amp_enabled":true,"_links":{"self":[{"href":"https:\/\/encuentroinformativo.com.mx\/index.php?rest_route=\/wp\/v2\/posts\/51789","targetHints":{"allow":["GET"]}}],"collection":[{"href":"https:\/\/encuentroinformativo.com.mx\/index.php?rest_route=\/wp\/v2\/posts"}],"about":[{"href":"https:\/\/encuentroinformativo.com.mx\/index.php?rest_route=\/wp\/v2\/types\/post"}],"author":[{"embeddable":true,"href":"https:\/\/encuentroinformativo.com.mx\/index.php?rest_route=\/wp\/v2\/users\/2476"}],"replies":[{"embeddable":true,"href":"https:\/\/encuentroinformativo.com.mx\/index.php?rest_route=%2Fwp%2Fv2%2Fcomments&post=51789"}],"version-history":[{"count":1,"href":"https:\/\/encuentroinformativo.com.mx\/index.php?rest_route=\/wp\/v2\/posts\/51789\/revisions"}],"predecessor-version":[{"id":51791,"href":"https:\/\/encuentroinformativo.com.mx\/index.php?rest_route=\/wp\/v2\/posts\/51789\/revisions\/51791"}],"wp:featuredmedia":[{"embeddable":true,"href":"https:\/\/encuentroinformativo.com.mx\/index.php?rest_route=\/wp\/v2\/media\/45686"}],"wp:attachment":[{"href":"https:\/\/encuentroinformativo.com.mx\/index.php?rest_route=%2Fwp%2Fv2%2Fmedia&parent=51789"}],"wp:term":[{"taxonomy":"category","embeddable":true,"href":"https:\/\/encuentroinformativo.com.mx\/index.php?rest_route=%2Fwp%2Fv2%2Fcategories&post=51789"},{"taxonomy":"post_tag","embeddable":true,"href":"https:\/\/encuentroinformativo.com.mx\/index.php?rest_route=%2Fwp%2Fv2%2Ftags&post=51789"}],"curies":[{"name":"wp","href":"https:\/\/api.w.org\/{rel}","templated":true}]}}